{"id":24601,"date":"2024-01-16T16:18:37","date_gmt":"2024-01-16T16:18:37","guid":{"rendered":"https:\/\/mardinhaberyolu.com\/?p=24601"},"modified":"2024-03-02T08:38:46","modified_gmt":"2024-03-02T08:38:46","slug":"dem-partinin-iyi-partiye-cevabi-uzerine","status":"publish","type":"post","link":"https:\/\/mardinhaberyolu.com\/?p=24601","title":{"rendered":"DEM Parti\u2019nin \u0130Y\u0130 Parti\u2019ye cevab\u0131 \u00fczerine"},"content":{"rendered":"\n<h2 class=\"wp-block-heading\">TBMM\u2019de her hafta grubu bulunan siyasal partiler grup toplant\u0131s\u0131 yaparlar.<\/h2>\n\n\n\n<p>TBMM\u2019de her hafta grubu bulunan siyasal partiler grup toplant\u0131s\u0131 yaparlar. Bu grup toplant\u0131lar\u0131nda siyasal partiler, d\u0131\u015f ve i\u00e7 politika konular\u0131 \u00fczerine fikir beyan\u0131nda bulunduklar\u0131 gibi partileri ile ilgili olarak di\u011fer partilerden gelen a\u00e7\u0131klamalar\u0131 da yan\u0131tlama gibi bir tav\u0131r da ortaya koyarlar.&nbsp;<\/p>\n\n\n\n<p>TBMM\u2019deki siyasal partilerin grup toplant\u0131lar\u0131 vatanda\u015flara da a\u00e7\u0131kt\u0131r; hatta TRT\u2019de de canl\u0131 yay\u0131nlanmaktad\u0131r. TRT\u2019de canl\u0131 yay\u0131nland\u0131klar\u0131 i\u00e7in mecliste seyretme imkan\u0131n\u0131 bulamayan vatanda\u015flar ekran\u0131n ba\u015f\u0131nda takip ederler. Bununla beraber siyasi partilerin akt\u00f6rlerinin yapm\u0131\u015f olduklar\u0131 a\u00e7\u0131klamalar yaz\u0131l\u0131 ve g\u00f6rsel bas\u0131na da yer al\u0131r. &nbsp;<\/p>\n\n\n\n<p><strong>\u2018S\u0131rtlar\u0131n\u0131 90\u2019l\u0131 Y\u0131llar\u0131n Karanl\u0131k Tarihine Dayam\u0131\u015f\u2019<\/strong><\/p>\n\n\n\n<p>Tabii grup toplant\u0131lar\u0131 ilgin\u00e7 sahnelere yol a\u00e7t\u0131\u011f\u0131 gibi hararetli tart\u0131\u015fmalara da tan\u0131k olunmaktad\u0131r. Parantez i\u00e7inde ifade edecek olursak, elektriklenmi\u015f anlarda toplant\u0131y\u0131 y\u00f6neten idare amirleri bile\u015fime ara vermek zorunda kal\u0131yorlar ki, bununla ama\u00e7 hem muhtemel naho\u015f olaylar\u0131n \u00f6n\u00fcne ge\u00e7mek hem de harareti biraz d\u00fc\u015f\u00fcrmektir.<\/p>\n\n\n\n<p>\u0130lgin\u00e7 ve sert bir s\u00f6ylemle kamuoyu mecliste \u0130Y\u0130 Parti ile DEM Parti aras\u0131nda kar\u015f\u0131l\u0131kl\u0131 at\u0131\u015fmalara tan\u0131kl\u0131k etti ge\u00e7en hafta.&nbsp;<\/p>\n\n\n\n<p>\u00d6nce \u0130Y\u0130 Parti cephesinden a\u00e7\u0131klama geldi. Partisinin TBMM\u2019deki grup toplant\u0131s\u0131nda konu\u015fan Ak\u015fener, \u201cAd\u0131 s\u00fcrekli de\u011fi\u015fen ama ter\u00f6rist ba\u015f\u0131na sevgisi de\u011fi\u015fmeyen bir s\u00f6zde siyasi partinin bizim &nbsp;g\u00f6z\u00fcm\u00fczde me\u015fruiyeti yoktur. K\u00fcrt vatanda\u015flar\u0131m\u0131z\u0131 kalkan olarak kullan\u0131p ter\u00f6r\u00fc aklamaya kalkanlar\u0131 Gazi Meclisimizde yeri yoktur. On binlerce insan\u0131m\u0131z\u0131 katledilen bir caninin K\u00fcrtlerin bir de\u011feri olarak pazarlanmas\u0131n\u0131 asla kabul etmiyoruz. Bizim i\u00e7in K\u00fcrtler, bir ter\u00f6ristle ayn\u0131 c\u00fcmlede an\u0131lamayacak kadar de\u011ferlidir. Bu cani ormanlar\u0131 yakt\u0131, be\u015fi\u011finde uyuyan bebekleri bile katletti. Yere g\u00f6\u011fe s\u0131\u011fd\u0131ramad\u0131\u011f\u0131 s\u00f6zde de\u011fer, \u201cBeni idam etmeyin, bildiklerimi anlataca\u011f\u0131m\u201d demi\u015fti.<\/p>\n\n\n\n<p>Ak\u015fener\u2019in a\u00e7\u0131klamas\u0131nda, ter\u00f6rist ba\u015f\u0131na sevgisi de\u011fi\u015fmeyen bir s\u00f6zde siyasi parti, K\u00fcrt vatanda\u015flar\u0131m\u0131z\u0131 kalkan olarak kullananlar, -\u00d6calan i\u00e7in olmal\u0131- \u201cBeni idam etmeyin, bildiklerimi anlataca\u011f\u0131m\u201d \u015feklindeki ifadeler DEM Parti\u2019nin sinirine adeta dokunmu\u015f olmal\u0131 ki, DEM Parti E\u015f Ba\u015fkan\u0131 T\u00fclay Hatimo\u011fullar\u0131\u2019 ndan sert ifadelerle kar\u015f\u0131l\u0131k verildi. Hatimo\u011fullar\u0131, \u015f\u00f6yle konu\u015ftu:<br>&#8220;Bizim ismimiz s\u00fcrekli de\u011fi\u015fiyorsa parlamento d\u00f6n\u00fcp kendisine bakacak. Bizler \u00fczerindeki bask\u0131lara seyirci kalanlar demokrat olduklar\u0131n\u0131 s\u00f6ylemesinler. Onlar s\u0131rtlar\u0131n\u0131 90&#8217;l\u0131 y\u0131llar\u0131n karanl\u0131k tarihine dayam\u0131\u015f, biz ise g\u00fcc\u00fcm\u00fcz\u00fc halk\u0131m\u0131zdan ald\u0131k. Umar\u0131z ki muhalefetin di\u011fer kesimlerinin akl\u0131 ba\u015f\u0131na gelir.&#8221;<\/p>\n\n\n\n<p>S\u0131rtlar\u0131n\u0131 90\u2019l\u0131 y\u0131llar\u0131n karanl\u0131k tarihine dayamak, s\u00f6z\u00fc ile \u0130Y\u0130 Parti Genel Ba\u015fkan\u0131 Meral Ak\u015fener\u2019e tarihi ve politik bir g\u00f6ndermede bulundu DEM Parti E\u015f Ba\u015fkan\u0131 T\u00fclay Hatimo\u011fullar\u0131.<\/p>\n\n\n\n<p>1990\u2019l\u0131 y\u0131llarda, do\u011fu ve g\u00fcneydo\u011fuda gece-g\u00fcnd\u00fcz fark etmeksizin insanlar kur\u015funlan\u0131yor, evlerinden al\u0131n\u0131yor ve onlardan g\u00fcnlerce haber al\u0131nam\u0131yor. Daha sonra \u00f6ld\u00fcr\u00fclerek cesetleri yol kenarlar\u0131nda bulunuyordu. Peki bu insanlar\u0131 kim \u00f6ld\u00fcr\u00fcyor? Cevap yok! Katiller bulunam\u0131yor veya bulunmas\u0131 i\u00e7in hi\u00e7bir \u00e7aba sarf edilemiyor. O d\u00f6nem devleti y\u00f6netenler adeta \u2018K\u00f6r ve Sa\u011f\u0131r\u0131 Oynama\u2019 rol\u00fcndeydi.&nbsp;<br>Meral Ak\u015fener\u2019in k\u0131saca 90\u2019l\u0131 y\u0131llarda siyaset hayat\u0131na bakacak olursak, siyasete 1994 yerel se\u00e7imlerinde Do\u011fru Yol Partisi&#8217;nden \u0130zmit B\u00fcy\u00fck\u015fehir Belediyesi ba\u015fkan\u0131 aday\u0131 olarak girmi\u015ftir. 1995 ve 1999 T\u00fcrkiye genel se\u00e7imlerinde Do\u011fru Yol Partisi milletvekili olarak meclise giren Ak\u015fener, 1996 ile 1997 y\u0131llar\u0131 aras\u0131nda Necmettin Erbakan taraf\u0131ndan kurulan koalisyon h\u00fck\u00fbmetinde i\u00e7i\u015fleri bakan\u0131 olarak g\u00f6rev yapt\u0131. Milli Savunma Komisyonu ile \u0130\u00e7i\u015fleri Komisyonu \u00fcyelikleri yapt\u0131. 4 Temmuz 2001 tarihinde DYP\u2019den istifa ederek, 3 Kas\u0131m 2001 tarihinde MHP\u2019ye kat\u0131ld\u0131. Ayn\u0131 zamanda Tarih Doktoru unvan\u0131 ile siyaset yapan Ak\u015fener, 90\u2019l\u0131 y\u0131llardaki T\u00fcrkiye siyaset zeminine h\u00e2kim olan atmosferi \u00e7ok bildi\u011fini d\u00fc\u015f\u00fcn\u00fcyoruz.<\/p>\n\n\n\n<p>DEM Parti, \u015fimdi 90\u2019l\u0131 y\u0131llar\u0131n karanl\u0131k tarihine dayama s\u00f6z\u00fc ile Ak\u015fener\u2019e at\u0131fta bulunuyor ama May\u0131s 2023 se\u00e7imlerinde (HDP idi) \u2018Erdo\u011fan Kar\u015f\u0131t\u0131 Ruh Hali\u2019 ile \u0130Y\u0130 partinin bulundu\u011fu Millet \u0130ttifak\u0131na \u2018Ko\u015fulsuz Destek\u2019 verdi. \u015eimdi de Topal Osman\u2019\u0131n Torunu olan Ekrem \u0130mamo\u011flu\u2019na bir kez daha ko\u015fulsuz destek verme e\u011filiminde DEM Parti. Hat\u0131rlatmak istedik.<br>Sayg\u0131yla\u2026<\/p>\n","protected":false},"excerpt":{"rendered":"<p>TBMM\u2019de her hafta grubu bulunan siyasal partiler grup toplant\u0131s\u0131 yaparlar. TBMM\u2019de her hafta grubu bulunan siyasal partiler grup toplant\u0131s\u0131 yaparlar. Bu grup toplant\u0131lar\u0131nda siyasal partiler, d\u0131\u015f ve i\u00e7 politika konular\u0131 \u00fczerine fikir beyan\u0131nda bulunduklar\u0131 gibi partileri ile ilgili olarak di\u011fer partilerden gelen a\u00e7\u0131klamalar\u0131 da yan\u0131tlama gibi bir tav\u0131r da ortaya koyarlar.&nbsp; TBMM\u2019deki siyasal partilerin grup [&hellip;]<\/p>\n","protected":false},"author":4,"featured_media":24593,"comment_status":"open","ping_status":"open","sticky":false,"template":"","format":"standard","meta":{"footnotes":""},"categories":[8,24],"tags":[],"class_list":["post-24601","post","type-post","status-publish","format-standard","has-post-thumbnail","hentry","category-politika","category-yazarlar"],"_links":{"self":[{"href":"https:\/\/mardinhaberyolu.com\/index.php?rest_route=\/wp\/v2\/posts\/24601","targetHints":{"allow":["GET"]}}],"collection":[{"href":"https:\/\/mardinhaberyolu.com\/index.php?rest_route=\/wp\/v2\/posts"}],"about":[{"href":"https:\/\/mardinhaberyolu.com\/index.php?rest_route=\/wp\/v2\/types\/post"}],"author":[{"embeddable":true,"href":"https:\/\/mardinhaberyolu.com\/index.php?rest_route=\/wp\/v2\/users\/4"}],"replies":[{"embeddable":true,"href":"https:\/\/mardinhaberyolu.com\/index.php?rest_route=%2Fwp%2Fv2%2Fcomments&post=24601"}],"version-history":[{"count":1,"href":"https:\/\/mardinhaberyolu.com\/index.php?rest_route=\/wp\/v2\/posts\/24601\/revisions"}],"predecessor-version":[{"id":24602,"href":"https:\/\/mardinhaberyolu.com\/index.php?rest_route=\/wp\/v2\/posts\/24601\/revisions\/24602"}],"wp:featuredmedia":[{"embeddable":true,"href":"https:\/\/mardinhaberyolu.com\/index.php?rest_route=\/wp\/v2\/media\/24593"}],"wp:attachment":[{"href":"https:\/\/mardinhaberyolu.com\/index.php?rest_route=%2Fwp%2Fv2%2Fmedia&parent=24601"}],"wp:term":[{"taxonomy":"category","embeddable":true,"href":"https:\/\/mardinhaberyolu.com\/index.php?rest_route=%2Fwp%2Fv2%2Fcategories&post=24601"},{"taxonomy":"post_tag","embeddable":true,"href":"https:\/\/mardinhaberyolu.com\/index.php?rest_route=%2Fwp%2Fv2%2Ftags&post=24601"}],"curies":[{"name":"wp","href":"https:\/\/api.w.org\/{rel}","templated":true}]}}