{"id":24591,"date":"2024-01-16T16:11:40","date_gmt":"2024-01-16T16:11:40","guid":{"rendered":"https:\/\/mardinhaberyolu.com\/?p=24591"},"modified":"2024-01-16T16:14:59","modified_gmt":"2024-01-16T16:14:59","slug":"dem-partide-mardin-buyuksehir-aday-krizi-mi","status":"publish","type":"post","link":"https:\/\/mardinhaberyolu.com\/?p=24591","title":{"rendered":"DEM Parti&#8217;de Mardin B\u00fcy\u00fck\u015fehir Aday Krizi Mi?"},"content":{"rendered":"\n<p>Mardin&#8217;de Cumartesi g\u00fcn\u00fc 9 ayr\u0131 noktada yap\u0131lan \u00f6n se\u00e7imlerde delegeler B\u00fcy\u00fck\u015fehir belediye e\u015f ba\u015fkanlar\u0131n\u0131 belirlemek amac\u0131yla oy kullanarak Ahmet T\u00fcrk ve G\u00fclizar \u0130pek Bilek&#8217;i birinci olarak se\u00e7mi\u015flerdi<\/p>\n\n\n\n<p>Delegelerin bir kad\u0131n ve bir erkek aday i\u00e7in oy kulland\u0131\u011f\u0131 \u00f6n se\u00e7imlerde y\u00fczde 50+1 baraj\u0131n\u0131 a\u015fan olmad\u0131\u011f\u0131 i\u00e7in ilk ikide yer alan kad\u0131n ve erkek i\u00e7in adaylar Pazar g\u00fcn\u00fc 2. Tur se\u00e7imlerine kalm\u0131\u015ft\u0131.&nbsp;<\/p>\n\n\n\n<h2 class=\"wp-block-heading\">B\u00dcY\u00dcK\u015eEH\u0130R\u2019DE \u0130K\u0130NC\u0130 TURDA ORTALIK KARI\u015eTI<\/h2>\n\n\n\n<p>DEM Parti, 2024 Yerel Se\u00e7imleri\u2019nde Mardin B\u00fcy\u00fck\u015fehir Belediyesi E\u015f Ba\u015fkanl\u0131\u011f\u0131\u2019na aday g\u00f6sterece\u011fi isim i\u00e7in \u00f6n se\u00e7im yapt\u0131. D\u00fcn (13 Ocak) yap\u0131lan \u00f6n se\u00e7imde,&nbsp;<\/p>\n\n\n\n<p>Adaylar\u0131n hi\u00e7birinin y\u00fczde 50+1\u2019e ula\u015famamas\u0131 nedeniyle se\u00e7im ikinci tura kald\u0131. Ahmet T\u00fcrk, se\u00e7imin ikinci tura kalmas\u0131na tepki g\u00f6stererek aday adayl\u0131\u011f\u0131ndan \u00e7ekildi.<\/p>\n\n\n\n<p><\/p>\n\n\n\n<p>DEM Parti yetkilileri, Ahmet T\u00fcrk\u2019\u00fcn aday adayl\u0131\u011f\u0131ndan \u00e7ekildi\u011fini do\u011frulayarak,&nbsp;<em>\u201c\u015eu an erkek e\u015f ba\u015fkan se\u00e7imini durdurduk. Di\u011fer adaylar\u0131n ikinci tur se\u00e7imi devam ediyor. Ahmet Bey bizi arad\u0131 ve her daim bizimle siyasi faaliyetlerine devam edece\u011fini s\u00f6yledi\u201d&nbsp;<\/em>dedi.<\/p>\n\n\n\n<p>\u00d6n se\u00e7imin ilk turunda<strong>&nbsp;kullan\u0131lan 5 bin 359 delegeden erkeklerden Ahmet T\u00fcrk<\/strong>&nbsp;2 bin 540&nbsp;oy al\u0131rken&nbsp;<strong>Azad Y\u0131ld\u0131r\u0131m<\/strong>&nbsp;da 703 oy alm\u0131\u015ft\u0131. Kad\u0131n adaylardan ise&nbsp;<strong>Devrim Demir<\/strong>&nbsp;bin 788,&nbsp;<strong>G\u00fclizar \u0130pek Bilek<\/strong>&nbsp;ise bin 665 alm\u0131\u015ft\u0131.<\/p>\n\n\n\n<p>\u00d6n se\u00e7imlerde B\u00fcy\u00fck\u015fehir Belediye Ba\u015fkan aday adaylar\u0131 aras\u0131nda ba\u015fvuran di\u011fer b\u00fct\u00fcn adaylar\u0131n toplam\u0131 kadar oy almas\u0131na ra\u011fmen baraj\u0131 a\u015fmad\u0131\u011f\u0131 i\u00e7in daha \u00f6nce yapt\u0131\u011f\u0131 a\u00e7\u0131klama do\u011frultusunda adayl\u0131ktan \u00e7ekilirken, Kad\u0131n adaylar aras\u0131nda ilk iki s\u0131rada yer alan G\u00fclizar \u0130pek Bilek ile Devrim Demir i\u00e7in pazar g\u00fcn\u00fc 2.Tur oylamas\u0131 yap\u0131lm\u0131\u015ft\u0131.<\/p>\n\n\n\n<h3 class=\"wp-block-heading\">2. TURDA G\u00dcL\u0130ZAR \u0130PEK SE\u00c7\u0130LD\u0130<\/h3>\n\n\n\n<p>2. turda ise G\u00fclizar \u0130pek Bilek 2 bin 273 oy ile \u00f6n se\u00e7imi \u00f6nde tamamlarken Devrim Demir 2 bin 247 oy alm\u0131\u015ft\u0131.<\/p>\n\n\n\n<p>DEM Partisi Mardin Se\u00e7im Koordinasyon Merkezi kendilerine yap\u0131lan itiraz sonucu oylar\u0131 ikinci defa sayma karar\u0131 ald\u0131. Oylar Dem Partisi il binas\u0131ndan halka ve bas\u0131na kapal\u0131 bir \u015fekilde yap\u0131l\u0131yor.<\/p>\n\n\n\n<p>Bu arada&nbsp;baz\u0131 delegeler de oylar\u0131n bas\u0131na kapal\u0131 bir \u015fekilde yeniden say\u0131lmas\u0131na tepki g\u00f6sterdi.<\/p>\n\n\n\n<h3 class=\"wp-block-heading\">DELEGELER HEM YEN\u0130DEN SAYIMA TEPK\u0130 G\u00d6STERD\u0130 HEM DE AHMET T\u00dcRK&#8217;E SAH\u0130P \u00c7IKTI<\/h3>\n\n\n\n<p>Mardin B\u00fcy\u00fck\u015fehir se\u00e7iminde gizli ellerin devrede oldu\u011funa dikkat \u00e7ekerek duruma tepki g\u00f6steren delegeler, halk\u0131n&nbsp;b\u00fcy\u00fck \u015fehir i\u00e7in oy vererek se\u00e7ti\u011fi aday\u0131n il komisyonu taraf\u0131ndan de\u011fi\u015ftirilmesine&nbsp;giden yolda oylar\u0131n yeniden say\u0131lmas\u0131na tepki gosterdi.<\/p>\n\n\n\n<p>Ahmet T\u00fcrk&#8217;\u00fcn de adayl\u0131ktan \u00e7ekilmesini kabullenemediklerini anlatan&nbsp;delegeler, &#8220;Mardin i\u00e7in bir de\u011fer olan Ahmet T\u00fcrk&#8217;\u00fcn adayl\u0131ktan \u00e7ekilmesine kabullenmezken \u015fimdi de halk\u0131n tercihini de\u011fi\u015ftirmek i\u00e7in oylar \u00fczerinden oyun oynanmak isteniyor.&#8221;diyerek tepki g\u00f6sterdiler.<\/p>\n\n\n\n<h3 class=\"wp-block-heading\">MARD\u0130N&#8217;DEK\u0130 OY SONU\u00c7LARI<\/h3>\n\n\n\n<p><strong>K\u0131z\u0131ltepe<\/strong><\/p>\n\n\n\n<p>Mardin K\u0131z\u0131ltepe il\u00e7esinde se\u00e7im ikinci tura kald\u0131:<\/p>\n\n\n\n<p>Zeyni \u0130pek: 338<\/p>\n\n\n\n<p>Abdl\u011fani Ferito\u011fullar\u0131: 302<\/p>\n\n\n\n<p>Hamdiye Bilek Turgay: 524<\/p>\n\n\n\n<p>Selma \u00d6zel Asi: 293<\/p>\n\n\n\n<p><strong>Nusaybin<\/strong><\/p>\n\n\n\n<p>Mardin\u2019in Nusaybin il\u00e7esinde se\u00e7im ikinci tura kald\u0131:<\/p>\n\n\n\n<p>Ferhat Kut: 385<\/p>\n\n\n\n<p>Selahattin Ay: 340<\/p>\n\n\n\n<p>G\u00fclistan Duran Altunta\u015f: 338<\/p>\n\n\n\n<p>G\u00fclbin \u015eahin: 316<\/p>\n\n\n\n<p><strong>Savur<\/strong><\/p>\n\n\n\n<p>Savur il\u00e7esinde se\u00e7im ilk turda tamamland\u0131. Selahattin \u00d6nder, 156 oy, Hatice \u00d6nc\u00fc ise 166 oyla se\u00e7ildi.<\/p>\n\n\n\n<p><strong>Darge\u00e7it<\/strong><\/p>\n\n\n\n<p>Darge\u00e7it il\u00e7esinde kad\u0131nlarda Asya Gezer se\u00e7imi y\u00fczde 50\u2019nin \u00fczerinde oy alarak tamamlad\u0131. Erkek aday adaylar\u0131 ikinci turda yar\u0131\u015facak:<\/p>\n\n\n\n<p>\u0130dris \u00c7evik: 60<\/p>\n\n\n\n<p>Aziz Ak\u0131n: 52<\/p>\n\n\n\n<p><strong>Derik<\/strong><\/p>\n\n\n\n<p>Derik&nbsp;il\u00e7esinde kad\u0131n aday adaylar\u0131ndan Song\u00fcl \u00d6zbah\u00e7eci, 380 oyla se\u00e7ildi. Erkekler ikinci tura kald\u0131:<\/p>\n\n\n\n<p>Cengiz Temelli: 172<\/p>\n\n\n\n<p>Servet Demir: 104<\/p>\n\n\n\n<p><strong>Artuklu<\/strong><\/p>\n\n\n\n<p>Artuklu il\u00e7esinde kad\u0131n aday i\u00e7in \u00f6n se\u00e7im yap\u0131lmad\u0131. Erkek aday adaylar\u0131 aras\u0131ndaki yar\u0131\u015f ikinci tura kald\u0131:<\/p>\n\n\n\n<p>Mehmet Ali Amak: 218<\/p>\n\n\n\n<p>Seyithan Alkan: 165<\/p>\n\n\n\n<p><strong>Maz\u0131da\u011f\u0131<\/strong><\/p>\n\n\n\n<p>Maz\u0131da\u011f\u0131 il\u00e7esinde se\u00e7im ikinci tura kald\u0131:<\/p>\n\n\n\n<p>Kudret U\u00e7uk: 205<\/p>\n\n\n\n<p>Medine Aksoy: 77,<\/p>\n\n\n\n<p>Hamdin Demir: 99<\/p>\n\n\n\n<p>Y\u0131lmaz \u015ean: 82<\/p>\n\n\n\n<p>Kaynak: Mardinlife<\/p>\n","protected":false},"excerpt":{"rendered":"<p>Mardin&#8217;de Cumartesi g\u00fcn\u00fc 9 ayr\u0131 noktada yap\u0131lan \u00f6n se\u00e7imlerde delegeler B\u00fcy\u00fck\u015fehir belediye e\u015f ba\u015fkanlar\u0131n\u0131 belirlemek amac\u0131yla oy kullanarak Ahmet T\u00fcrk ve G\u00fclizar \u0130pek Bilek&#8217;i birinci olarak se\u00e7mi\u015flerdi Delegelerin bir kad\u0131n ve bir erkek aday i\u00e7in oy kulland\u0131\u011f\u0131 \u00f6n se\u00e7imlerde y\u00fczde 50+1 baraj\u0131n\u0131 a\u015fan olmad\u0131\u011f\u0131 i\u00e7in ilk ikide yer alan kad\u0131n ve erkek i\u00e7in adaylar Pazar [&hellip;]<\/p>\n","protected":false},"author":1,"featured_media":24593,"comment_status":"open","ping_status":"open","sticky":false,"template":"","format":"standard","meta":{"footnotes":""},"categories":[8],"tags":[],"class_list":["post-24591","post","type-post","status-publish","format-standard","has-post-thumbnail","hentry","category-politika"],"_links":{"self":[{"href":"https:\/\/mardinhaberyolu.com\/index.php?rest_route=\/wp\/v2\/posts\/24591","targetHints":{"allow":["GET"]}}],"collection":[{"href":"https:\/\/mardinhaberyolu.com\/index.php?rest_route=\/wp\/v2\/posts"}],"about":[{"href":"https:\/\/mardinhaberyolu.com\/index.php?rest_route=\/wp\/v2\/types\/post"}],"author":[{"embeddable":true,"href":"https:\/\/mardinhaberyolu.com\/index.php?rest_route=\/wp\/v2\/users\/1"}],"replies":[{"embeddable":true,"href":"https:\/\/mardinhaberyolu.com\/index.php?rest_route=%2Fwp%2Fv2%2Fcomments&post=24591"}],"version-history":[{"count":2,"href":"https:\/\/mardinhaberyolu.com\/index.php?rest_route=\/wp\/v2\/posts\/24591\/revisions"}],"predecessor-version":[{"id":24598,"href":"https:\/\/mardinhaberyolu.com\/index.php?rest_route=\/wp\/v2\/posts\/24591\/revisions\/24598"}],"wp:featuredmedia":[{"embeddable":true,"href":"https:\/\/mardinhaberyolu.com\/index.php?rest_route=\/wp\/v2\/media\/24593"}],"wp:attachment":[{"href":"https:\/\/mardinhaberyolu.com\/index.php?rest_route=%2Fwp%2Fv2%2Fmedia&parent=24591"}],"wp:term":[{"taxonomy":"category","embeddable":true,"href":"https:\/\/mardinhaberyolu.com\/index.php?rest_route=%2Fwp%2Fv2%2Fcategories&post=24591"},{"taxonomy":"post_tag","embeddable":true,"href":"https:\/\/mardinhaberyolu.com\/index.php?rest_route=%2Fwp%2Fv2%2Ftags&post=24591"}],"curies":[{"name":"wp","href":"https:\/\/api.w.org\/{rel}","templated":true}]}}