{"id":24580,"date":"2024-01-14T14:10:58","date_gmt":"2024-01-14T14:10:58","guid":{"rendered":"https:\/\/mardinhaberyolu.com\/?p=24580"},"modified":"2024-01-19T14:40:08","modified_gmt":"2024-01-19T14:40:08","slug":"adayliktan-cekilen-turk-kurt-halkinin-mucadelesini-farkli-platformlarda-surdurecegim","status":"publish","type":"post","link":"https:\/\/mardinhaberyolu.com\/?p=24580","title":{"rendered":"ADAYLIKTAN \u00c7EK\u0130LEN T\u00dcRK: K\u00dcRT HALKININ M\u00dcCADELES\u0130N\u0130 FARKLI PLATFORMLARDA S\u00dcRD\u00dcRECE\u011e\u0130M"},"content":{"rendered":"\n<p>Mardin B\u00fcy\u00fck\u015fehir Belediyesi E\u015f ba\u015fkanl\u0131\u011f\u0131 i\u00e7in yapt\u0131\u011f\u0131 aday adayl\u0131\u011f\u0131 ba\u015fvurusunu birinci turda se\u00e7ilememesi gerek\u00e7esiyle \u00e7ekti\u011fini belirten Ahmet T\u00fcrk, &#8220;K\u00fcrt halk\u0131n\u0131n m\u00fccadelesini farkl\u0131 platformlarda s\u00fcrd\u00fcrece\u011fim&#8221; dedi.&nbsp;<\/p>\n\n\n\n<p>Halklar\u0131n E\u015fitlik ve Demokrasi Partisi (DEM Parti), d\u00fcn 10 il ve ba\u011fl\u0131 bir\u00e7ok il\u00e7ede belediye e\u015f ba\u015fkanlar\u0131, belediye meclis \u00fcyeleri ve il genel meclis \u00fcyelerini belirlemek i\u00e7in halk oylamas\u0131 ger\u00e7ekle\u015ftirdi.&nbsp;<\/p>\n\n\n\n<p>Mardin B\u00fcy\u00fck\u015fehir Belediyesi E\u015f ba\u015fkanl\u0131\u011f\u0131 i\u00e7in aday adayl\u0131\u011f\u0131 ba\u015fvurusu yapan Ahmet T\u00fcrk, daha \u00f6nce yapt\u0131\u011f\u0131 a\u00e7\u0131klamada birinci turda se\u00e7ilememesi halinde aday adayl\u0131\u011f\u0131ndan \u00e7ekilece\u011fini belirtmi\u015fti.&nbsp;<\/p>\n\n\n\n<p>T\u00fcrk, d\u00fcn yap\u0131lan se\u00e7imlerde sand\u0131ktan birinci \u00e7\u0131kt\u0131. Ancak y\u00fczde 50+1 baraj\u0131n\u0131 ge\u00e7emedi.&nbsp;<\/p>\n\n\n\n<p>Yapt\u0131\u011f\u0131 a\u00e7\u0131klamada T\u00fcrk, aday adayl\u0131\u011f\u0131ndan \u00e7ekildi\u011fini duyurdu. T\u00fcrk, \u201cDaha \u00f6nce y\u00fczde 50\u2019yi a\u015fmamam durumunda \u00e7ekilece\u011fimi a\u00e7\u0131klam\u0131\u015ft\u0131m. Halk\u0131n sahiplenmesinde dolay\u0131 halka te\u015fekk\u00fcr ediyorum. Aktif siyasetten \u00e7ekiliyorum. K\u00fcrt halk\u0131n\u0131n m\u00fccadelesini farkl\u0131 platformlarda s\u00fcrd\u00fcrece\u011fim\u201d dedi.<\/p>\n","protected":false},"excerpt":{"rendered":"<p>Mardin B\u00fcy\u00fck\u015fehir Belediyesi E\u015f ba\u015fkanl\u0131\u011f\u0131 i\u00e7in yapt\u0131\u011f\u0131 aday adayl\u0131\u011f\u0131 ba\u015fvurusunu birinci turda se\u00e7ilememesi gerek\u00e7esiyle \u00e7ekti\u011fini belirten Ahmet T\u00fcrk, &#8220;K\u00fcrt halk\u0131n\u0131n m\u00fccadelesini farkl\u0131 platformlarda s\u00fcrd\u00fcrece\u011fim&#8221; dedi.&nbsp; Halklar\u0131n E\u015fitlik ve Demokrasi Partisi (DEM Parti), d\u00fcn 10 il ve ba\u011fl\u0131 bir\u00e7ok il\u00e7ede belediye e\u015f ba\u015fkanlar\u0131, belediye meclis \u00fcyeleri ve il genel meclis \u00fcyelerini belirlemek i\u00e7in halk oylamas\u0131 ger\u00e7ekle\u015ftirdi.&nbsp; [&hellip;]<\/p>\n","protected":false},"author":1,"featured_media":24581,"comment_status":"open","ping_status":"open","sticky":false,"template":"","format":"standard","meta":{"footnotes":""},"categories":[8],"tags":[],"class_list":["post-24580","post","type-post","status-publish","format-standard","has-post-thumbnail","hentry","category-politika"],"_links":{"self":[{"href":"https:\/\/mardinhaberyolu.com\/index.php?rest_route=\/wp\/v2\/posts\/24580","targetHints":{"allow":["GET"]}}],"collection":[{"href":"https:\/\/mardinhaberyolu.com\/index.php?rest_route=\/wp\/v2\/posts"}],"about":[{"href":"https:\/\/mardinhaberyolu.com\/index.php?rest_route=\/wp\/v2\/types\/post"}],"author":[{"embeddable":true,"href":"https:\/\/mardinhaberyolu.com\/index.php?rest_route=\/wp\/v2\/users\/1"}],"replies":[{"embeddable":true,"href":"https:\/\/mardinhaberyolu.com\/index.php?rest_route=%2Fwp%2Fv2%2Fcomments&post=24580"}],"version-history":[{"count":1,"href":"https:\/\/mardinhaberyolu.com\/index.php?rest_route=\/wp\/v2\/posts\/24580\/revisions"}],"predecessor-version":[{"id":24582,"href":"https:\/\/mardinhaberyolu.com\/index.php?rest_route=\/wp\/v2\/posts\/24580\/revisions\/24582"}],"wp:featuredmedia":[{"embeddable":true,"href":"https:\/\/mardinhaberyolu.com\/index.php?rest_route=\/wp\/v2\/media\/24581"}],"wp:attachment":[{"href":"https:\/\/mardinhaberyolu.com\/index.php?rest_route=%2Fwp%2Fv2%2Fmedia&parent=24580"}],"wp:term":[{"taxonomy":"category","embeddable":true,"href":"https:\/\/mardinhaberyolu.com\/index.php?rest_route=%2Fwp%2Fv2%2Fcategories&post=24580"},{"taxonomy":"post_tag","embeddable":true,"href":"https:\/\/mardinhaberyolu.com\/index.php?rest_route=%2Fwp%2Fv2%2Ftags&post=24580"}],"curies":[{"name":"wp","href":"https:\/\/api.w.org\/{rel}","templated":true}]}}