{"id":24348,"date":"2023-12-28T23:14:32","date_gmt":"2023-12-28T20:14:32","guid":{"rendered":"https:\/\/www.mardingzt.com\/?p=24348"},"modified":"2023-12-28T23:14:32","modified_gmt":"2023-12-28T20:14:32","slug":"cumhurbaskani-erdogan-ak-parti-mardin-teskilatlarini-kabul-etti","status":"publish","type":"post","link":"https:\/\/mardinhaberyolu.com\/?p=24348","title":{"rendered":"Cumhurba\u015fkan\u0131 Erdo\u011fan, AK Parti Mardin te\u015fkilatlar\u0131n\u0131 kabul etti"},"content":{"rendered":"<p><strong>Cumhurba\u015fkan\u0131 ve AK Parti Genel Ba\u015fkan\u0131 Recep Tayyip Erdo\u011fan, 31 Mart yerel se\u00e7imleri i\u00e7in aday belirleme \u00e7al\u0131\u015fmalar\u0131 kapsam\u0131nda AK Parti Mardin Te\u015fkilat\u0131\u2019yla Ankara\u2019da bir araya geldi.<\/strong><\/p>\n<p>Cumhurba\u015fkan\u0131 ve AK Parti Genel Ba\u015fkan\u0131 Recep Tayyip Erdo\u011fan, 31 Mart yerel se\u00e7imleri i\u00e7in aday belirleme \u00e7al\u0131\u015fmalar\u0131 kapsam\u0131nda AK Parti Mardin \u0130l Ba\u015fkan\u0131 Vahap Alma, Genel Merkez MKYK \u00dcyesi Orhan Miro\u011flu, Mardin Milletvekilleri Faruk K\u0131l\u0131\u00e7 ile Muhammed Adak, il ve il\u00e7elerin \u00fc\u00e7 kademe ba\u015fkanlar\u0131yla Ankara\u2019da isti\u015fare ve de\u011ferlendirme toplant\u0131s\u0131nda bir araya geldi.<\/p>\n<p>AK Parti Mardin \u0130l Ba\u015fkan\u0131 Vahap Alma toplant\u0131ya ili\u015fkin yapt\u0131\u011f\u0131 a\u00e7\u0131klamalarda, \u201cCumhurba\u015fkan\u0131m\u0131z ve Genel Ba\u015fkan\u0131m\u0131z Say\u0131n Recep Tayyip Erdo\u011fan ile MKYK \u00fcyemiz, milletvekillerimiz ve \u00fc\u00e7 kademe ba\u015fkanlar\u0131m\u0131zla birlikte isti\u015fare yapma imk\u00e2n\u0131 bulduk. \u00d6ncelikle bize ve heyetimize g\u00f6stermi\u015f oldu\u011fu yak\u0131n ilgi ve kabullerinden dolay\u0131 Say\u0131nCumhurba\u015fkan\u0131m\u0131za \u00e7ok te\u015fekk\u00fcr ediyorum. Kendileriyle y\u00fcz y\u00fcze yapt\u0131\u011f\u0131m\u0131z g\u00f6r\u00fc\u015fmede, yapt\u0131\u011f\u0131m\u0131z ara\u015ft\u0131rma ve \u00e7al\u0131\u015fmalar\u0131n neticesinde ortaya \u00e7\u0131kan sonu\u00e7lar\u0131 masaya yat\u0131rd\u0131k. B\u00fcy\u00fck\u015fehir ile birlikte on il\u00e7ede olabilecek en iyi sonuca ula\u015fmak i\u00e7in yapt\u0131\u011f\u0131m\u0131z \u00e7al\u0131\u015fmalar\u0131 kendisine aktard\u0131k. Ayr\u0131ca Mardin te\u015fkilatlar\u0131m\u0131z\u0131n genel anlamda \u00e7al\u0131\u015fmalar\u0131ndan bahsederek ortaya koydu\u011fumuz hedefleri ayr\u0131nt\u0131lar\u0131yla Say\u0131n Cumhurba\u015fkan\u0131m\u0131za arzettik. \u0130n\u015fallah 31 Mart yerel se\u00e7imlerine en iyi adaylar\u0131m\u0131zla birlikte, yapaca\u011f\u0131m\u0131z etkin \u00e7al\u0131\u015fmalar ve halk\u0131m\u0131zdan alaca\u011f\u0131m\u0131z \u00f6nemli desteklerle zafere ula\u015faca\u011f\u0131z.\u201d<\/p>\n","protected":false},"excerpt":{"rendered":"<p>Cumhurba\u015fkan\u0131 ve AK Parti Genel Ba\u015fkan\u0131 Recep Tayyip Erdo\u011fan, 31 Mart yerel se\u00e7imleri i\u00e7in aday belirleme \u00e7al\u0131\u015fmalar\u0131 kapsam\u0131nda AK Parti Mardin Te\u015fkilat\u0131\u2019yla Ankara\u2019da bir araya geldi.<\/p>\n","protected":false},"author":1,"featured_media":24349,"comment_status":"open","ping_status":"open","sticky":false,"template":"","format":"standard","meta":{"footnotes":""},"categories":[4,8],"tags":[],"class_list":["post-24348","post","type-post","status-publish","format-standard","has-post-thumbnail","hentry","category-manset","category-politika"],"_links":{"self":[{"href":"https:\/\/mardinhaberyolu.com\/index.php?rest_route=\/wp\/v2\/posts\/24348","targetHints":{"allow":["GET"]}}],"collection":[{"href":"https:\/\/mardinhaberyolu.com\/index.php?rest_route=\/wp\/v2\/posts"}],"about":[{"href":"https:\/\/mardinhaberyolu.com\/index.php?rest_route=\/wp\/v2\/types\/post"}],"author":[{"embeddable":true,"href":"https:\/\/mardinhaberyolu.com\/index.php?rest_route=\/wp\/v2\/users\/1"}],"replies":[{"embeddable":true,"href":"https:\/\/mardinhaberyolu.com\/index.php?rest_route=%2Fwp%2Fv2%2Fcomments&post=24348"}],"version-history":[{"count":0,"href":"https:\/\/mardinhaberyolu.com\/index.php?rest_route=\/wp\/v2\/posts\/24348\/revisions"}],"wp:featuredmedia":[{"embeddable":true,"href":"https:\/\/mardinhaberyolu.com\/index.php?rest_route=\/"}],"wp:attachment":[{"href":"https:\/\/mardinhaberyolu.com\/index.php?rest_route=%2Fwp%2Fv2%2Fmedia&parent=24348"}],"wp:term":[{"taxonomy":"category","embeddable":true,"href":"https:\/\/mardinhaberyolu.com\/index.php?rest_route=%2Fwp%2Fv2%2Fcategories&post=24348"},{"taxonomy":"post_tag","embeddable":true,"href":"https:\/\/mardinhaberyolu.com\/index.php?rest_route=%2Fwp%2Fv2%2Ftags&post=24348"}],"curies":[{"name":"wp","href":"https:\/\/api.w.org\/{rel}","templated":true}]}}