{"id":113331,"date":"2026-04-30T20:51:42","date_gmt":"2026-04-30T20:51:42","guid":{"rendered":"https:\/\/mardinhaberyolu.com\/?p=113331"},"modified":"2026-04-30T20:51:42","modified_gmt":"2026-04-30T20:51:42","slug":"mardinde-oyku-yazma-yarismasi","status":"publish","type":"post","link":"https:\/\/mardinhaberyolu.com\/?p=113331","title":{"rendered":"Mardin&#8217;de \u00d6yk\u00fc Yazma Yar\u0131\u015fmas\u0131"},"content":{"rendered":"<p>K\u0131z\u0131ltepe Ortaokulu&#8217;nun Geleneksel Mardin \u0130l Geneli \u00d6yk\u00fc Yazma Yar\u0131\u015fmas\u0131 sonu\u00e7lar\u0131 a\u00e7\u0131kland\u0131.Dila Naz DEN\u0130Z \u0130l birincisi, Muhammed Kaan \u00dcZEL \u0130l ikincisi, Muhammed Emin AYDIN ise il \u00fc\u00e7\u00fcnc\u00fcs\u00fc olmaya lay\u0131k g\u00f6r\u00fcld\u00fc.<\/p>\n<p>Kiziltepe Ortaokulu M\u00fcd\u00fcr\u00fc Taylan KARADEN\u0130Z velilerin,dereceye giren \u00f6\u011frencilerin ve yar\u0131\u015fman\u0131n d\u00fczenlenmesinde ve de\u011ferlendirilmesinde g\u00f6rev alan \u00f6\u011fretmenlerin haz\u0131r oldu\u011fu \u00f6d\u00fcl t\u00f6reninde:<\/p>\n<p>&#8220;\u0130kincisini d\u00fczenledi\u011fimiz Mardil \u0130l Geneli \u00d6yk\u00fc Yazma Yar\u0131\u015fmas\u0131 ile insan\u0131n kendisini ifade etme sorununun \u00f6n\u00fcndeki b\u00fcy\u00fck bir engeli a\u015fm\u0131\u015f bulunmaktay\u0131z. K\u0131ymetli Veliler! sizler art\u0131k \u00f6d\u00fcl alm\u0131\u015f bir yazar\u0131n ebeveynisiniz. K\u0131z\u0131ltepe Ortaokulu olarak bu gibi sosyal etkinliklerle hedefimiz olan &#8220;iyi insan\u0131 in\u015fa etme&#8221; yolunda emin ad\u0131mlarla ilerlemektekteyiz.Bu yar\u0131\u015fman\u0131n d\u00fczenlenmesinde eme\u011fi ge\u00e7en t\u00fcm \u00f6\u011fretmenlerimize te\u015fekk\u00fcr ediyorum. Birinci olan \u00f6\u011frencimiz 4500 TL,ikinci olan \u00f6\u011frencimiz 2500 TL,\u00fc\u00e7\u00fcnc\u00fc olan \u00f6\u011frencimiz ise 1500 TL \u00f6d\u00fcl almaya hak<\/p>\n<p>kazanm\u0131\u015flard\u0131r. \u00d6grencilerimizin \u00f6d\u00fclleri olan paray\u0131 g\u00fcle g\u00fcle kullanmalarini temenni ediyorum.&#8221; ifadelerini kulland\u0131.<\/p>\n<p>D\u00fczenlenen t\u00f6renle birinci olan \u00f6\u011frenci Dila Naz DEN\u0130Z, &#8220;\u00d6mrum boyunca unutamayaca\u011f\u0131m bir \u00f6d\u00fcl ald\u0131m.\u00d6yku yazmak benim i\u00e7in hayat\u0131n yo\u011funlu\u011fundan ka\u00e7\u0131p nefes alabildi\u011fim bir d\u00f6nemdir. Bu yar\u0131\u015fmay\u0131 d\u00fczenleyen t\u00fcm \u00f6\u011fretmenlerime te\u015fekk\u00fcr ediyorum&#8221; diye konu\u015ftu.<\/p>\n<p>Yarismada ikinci olan Muhammed Kaan \u00dcZEL &#8220;K\u0131z\u0131ltepe Ortaokulu \u00f6\u011fretmenlerine bu yar\u0131\u015fmay\u0131 d\u00fczenledikleri i\u00e7in te\u015fekk\u00fcr ediyorum. \u00c7ok mutluyum, \u00e7ok gururluyum &#8220;dedi. Yarismada \u00dc\u00e7\u00fcnc\u00fc olan Muhammed Emin AYDIN ise &#8220;\u00d6yk\u00fc yazma yar\u0131\u015fmas\u0131 duyurusunu duydu\u011fum an \u00e7ok heyecanland\u0131m,bu yarismaya kat\u0131l\u0131p kendimi ispatladigim i\u00e7in \u00e7ok mutluyum.Herkese \u00e7ok te\u015fekk\u00fcr ediyorum.Ogdetmenlerimi \u00e7ok seviyorum &#8220;\u015feklinde duygular\u0131n\u0131 dile getirdi.<\/p>\n<p><img fetchpriority=\"high\" decoding=\"async\" class=\"alignnone size-medium wp-image-113334\" src=\"https:\/\/mardinhaberyolu.com\/wp-content\/uploads\/2026\/04\/IMG-20260430-WA0067-226x300.jpg\" alt=\"\" width=\"226\" height=\"300\" srcset=\"https:\/\/mardinhaberyolu.com\/wp-content\/uploads\/2026\/04\/IMG-20260430-WA0067-226x300.jpg 226w, https:\/\/mardinhaberyolu.com\/wp-content\/uploads\/2026\/04\/IMG-20260430-WA0067-771x1024.jpg 771w, https:\/\/mardinhaberyolu.com\/wp-content\/uploads\/2026\/04\/IMG-20260430-WA0067-768x1020.jpg 768w, https:\/\/mardinhaberyolu.com\/wp-content\/uploads\/2026\/04\/IMG-20260430-WA0067-1157x1536.jpg 1157w, https:\/\/mardinhaberyolu.com\/wp-content\/uploads\/2026\/04\/IMG-20260430-WA0067-1542x2048.jpg 1542w, https:\/\/mardinhaberyolu.com\/wp-content\/uploads\/2026\/04\/IMG-20260430-WA0067-scaled.jpg 1928w\" sizes=\"(max-width: 226px) 100vw, 226px\" \/> <img decoding=\"async\" class=\"alignnone size-medium wp-image-113335\" src=\"https:\/\/mardinhaberyolu.com\/wp-content\/uploads\/2026\/04\/IMG-20260430-WA0063-226x300.jpg\" alt=\"\" width=\"226\" height=\"300\" srcset=\"https:\/\/mardinhaberyolu.com\/wp-content\/uploads\/2026\/04\/IMG-20260430-WA0063-226x300.jpg 226w, https:\/\/mardinhaberyolu.com\/wp-content\/uploads\/2026\/04\/IMG-20260430-WA0063-771x1024.jpg 771w, https:\/\/mardinhaberyolu.com\/wp-content\/uploads\/2026\/04\/IMG-20260430-WA0063-768x1021.jpg 768w, https:\/\/mardinhaberyolu.com\/wp-content\/uploads\/2026\/04\/IMG-20260430-WA0063-1156x1536.jpg 1156w, https:\/\/mardinhaberyolu.com\/wp-content\/uploads\/2026\/04\/IMG-20260430-WA0063.jpg 1204w\" sizes=\"(max-width: 226px) 100vw, 226px\" \/> <img decoding=\"async\" class=\"alignnone size-medium wp-image-113336\" src=\"https:\/\/mardinhaberyolu.com\/wp-content\/uploads\/2026\/04\/IMG-20260430-WA0064-226x300.jpg\" alt=\"\" width=\"226\" height=\"300\" srcset=\"https:\/\/mardinhaberyolu.com\/wp-content\/uploads\/2026\/04\/IMG-20260430-WA0064-226x300.jpg 226w, https:\/\/mardinhaberyolu.com\/wp-content\/uploads\/2026\/04\/IMG-20260430-WA0064-771x1024.jpg 771w, https:\/\/mardinhaberyolu.com\/wp-content\/uploads\/2026\/04\/IMG-20260430-WA0064-768x1020.jpg 768w, https:\/\/mardinhaberyolu.com\/wp-content\/uploads\/2026\/04\/IMG-20260430-WA0064-1157x1536.jpg 1157w, https:\/\/mardinhaberyolu.com\/wp-content\/uploads\/2026\/04\/IMG-20260430-WA0064-1542x2048.jpg 1542w, https:\/\/mardinhaberyolu.com\/wp-content\/uploads\/2026\/04\/IMG-20260430-WA0064-scaled.jpg 1928w\" sizes=\"(max-width: 226px) 100vw, 226px\" \/><\/p>\n<p>Edit\u00f6r\u00fc:Mardin Haberyolu<\/p>\n","protected":false},"excerpt":{"rendered":"<p>Mardin il genelini kapsayan \u00f6yk\u00fc yazma yar\u0131\u015fmas\u0131n\u0131n sonu\u00e7lar\u0131 a\u00e7\u0131kland\u0131. Dereceye giren \u00f6\u011frencilere \u00f6d\u00fclleri K\u0131z\u0131ltepe Ortaokulunda d\u00fczenlenen verildi. <\/p>\n","protected":false},"author":1,"featured_media":113333,"comment_status":"open","ping_status":"open","sticky":false,"template":"","format":"standard","meta":{"footnotes":""},"categories":[3,2,4,18,30],"tags":[],"class_list":["post-113331","post","type-post","status-publish","format-standard","has-post-thumbnail","hentry","category-guncel","category-kiziltepe","category-manset","category-toplumsal-yasam-gundem","category-ust-manset"],"_links":{"self":[{"href":"https:\/\/mardinhaberyolu.com\/index.php?rest_route=\/wp\/v2\/posts\/113331","targetHints":{"allow":["GET"]}}],"collection":[{"href":"https:\/\/mardinhaberyolu.com\/index.php?rest_route=\/wp\/v2\/posts"}],"about":[{"href":"https:\/\/mardinhaberyolu.com\/index.php?rest_route=\/wp\/v2\/types\/post"}],"author":[{"embeddable":true,"href":"https:\/\/mardinhaberyolu.com\/index.php?rest_route=\/wp\/v2\/users\/1"}],"replies":[{"embeddable":true,"href":"https:\/\/mardinhaberyolu.com\/index.php?rest_route=%2Fwp%2Fv2%2Fcomments&post=113331"}],"version-history":[{"count":1,"href":"https:\/\/mardinhaberyolu.com\/index.php?rest_route=\/wp\/v2\/posts\/113331\/revisions"}],"predecessor-version":[{"id":113337,"href":"https:\/\/mardinhaberyolu.com\/index.php?rest_route=\/wp\/v2\/posts\/113331\/revisions\/113337"}],"wp:featuredmedia":[{"embeddable":true,"href":"https:\/\/mardinhaberyolu.com\/index.php?rest_route=\/wp\/v2\/media\/113333"}],"wp:attachment":[{"href":"https:\/\/mardinhaberyolu.com\/index.php?rest_route=%2Fwp%2Fv2%2Fmedia&parent=113331"}],"wp:term":[{"taxonomy":"category","embeddable":true,"href":"https:\/\/mardinhaberyolu.com\/index.php?rest_route=%2Fwp%2Fv2%2Fcategories&post=113331"},{"taxonomy":"post_tag","embeddable":true,"href":"https:\/\/mardinhaberyolu.com\/index.php?rest_route=%2Fwp%2Fv2%2Ftags&post=113331"}],"curies":[{"name":"wp","href":"https:\/\/api.w.org\/{rel}","templated":true}]}}