{"id":113326,"date":"2026-04-30T15:04:02","date_gmt":"2026-04-30T15:04:02","guid":{"rendered":"https:\/\/mardinhaberyolu.com\/?p=113326"},"modified":"2026-04-30T15:04:18","modified_gmt":"2026-04-30T15:04:18","slug":"ilisu-baraji-kiyisinda-kapsamli-temizlik-calismasi","status":"publish","type":"post","link":"https:\/\/mardinhaberyolu.com\/?p=113326","title":{"rendered":"Il\u0131su Baraj\u0131 K\u0131y\u0131s\u0131nda Kapsaml\u0131 Temizlik \u00c7al\u0131\u015fmas\u0131"},"content":{"rendered":"<p>Belediye ekipleri taraf\u0131ndan y\u00fcr\u00fct\u00fclen \u00e7al\u0131\u015fmalarda alanda biriken at\u0131klar toplanarak \u00e7evre kirlili\u011finin \u00f6n\u00fcne ge\u00e7ildi. Piknik alanlar\u0131nda yap\u0131lan bak\u0131m ve d\u00fczenleme \u00e7al\u0131\u015fmalar\u0131yla birlikte alanlar daha temiz, d\u00fczenli ve kullan\u0131ma elveri\u015fli hale getirildi.<\/p>\n<p>\u00c7al\u0131\u015fmalara Belediye E\u015fba\u015fkan\u0131 Asya Gezer, belediye meclis \u00fcyeleri ve Temizlik \u0130\u015fleri M\u00fcd\u00fcrl\u00fc\u011f\u00fc ekipleri kat\u0131ld\u0131. G\u00fcn boyu s\u00fcren \u00e7al\u0131\u015fmalarda alan\u0131n genel temizli\u011fi yap\u0131l\u0131rken, vatanda\u015flar\u0131n daha sa\u011fl\u0131kl\u0131 bir ortamda vakit ge\u00e7irebilmesi i\u00e7in gerekli d\u00fczenlemeler ger\u00e7ekle\u015ftirildi.<\/p>\n<p>E\u015fba\u015fkan Asya Gezer, Il\u0131su Baraj\u0131\u2019n\u0131n b\u00f6lge halk\u0131 i\u00e7in \u00f6nemli bir sosyal ya\u015fam alan\u0131 oldu\u011funu belirterek, \u201cDo\u011fan\u0131n korunmas\u0131 ve ortak kullan\u0131m alanlar\u0131n\u0131n temiz tutulmas\u0131 hepimizin sorumlulu\u011fudur. Belediyemiz \u00e7al\u0131\u015fmalar\u0131n\u0131 s\u00fcrd\u00fcrecek, ayr\u0131ca piknik alanlar\u0131na \u00e7\u00f6p konteynerleri yerle\u015ftirilecek ve at\u0131klar\u0131n bu alanlara b\u0131rak\u0131lmas\u0131 sa\u011flanarak \u00e7evre temizli\u011finin daha etkin \u015fekilde korunmas\u0131 hedeflenecektir. Vatanda\u015flar\u0131m\u0131z\u0131n duyarl\u0131l\u0131\u011f\u0131 bu s\u00fcre\u00e7te b\u00fcy\u00fck \u00f6nem ta\u015f\u0131maktad\u0131r\u201d dedi<\/p>\n<p><img fetchpriority=\"high\" decoding=\"async\" class=\"alignnone size-medium wp-image-113328\" src=\"https:\/\/mardinhaberyolu.com\/wp-content\/uploads\/2026\/04\/IMG-20260430-WA0046-300x200.jpg\" alt=\"\" width=\"300\" height=\"200\" srcset=\"https:\/\/mardinhaberyolu.com\/wp-content\/uploads\/2026\/04\/IMG-20260430-WA0046-300x200.jpg 300w, https:\/\/mardinhaberyolu.com\/wp-content\/uploads\/2026\/04\/IMG-20260430-WA0046-1024x682.jpg 1024w, https:\/\/mardinhaberyolu.com\/wp-content\/uploads\/2026\/04\/IMG-20260430-WA0046-768x512.jpg 768w, https:\/\/mardinhaberyolu.com\/wp-content\/uploads\/2026\/04\/IMG-20260430-WA0046-1536x1023.jpg 1536w, https:\/\/mardinhaberyolu.com\/wp-content\/uploads\/2026\/04\/IMG-20260430-WA0046.jpg 1600w\" sizes=\"(max-width: 300px) 100vw, 300px\" \/> <img decoding=\"async\" class=\"alignnone size-medium wp-image-113329\" src=\"https:\/\/mardinhaberyolu.com\/wp-content\/uploads\/2026\/04\/IMG-20260430-WA0042-300x169.jpg\" alt=\"\" width=\"300\" height=\"169\" srcset=\"https:\/\/mardinhaberyolu.com\/wp-content\/uploads\/2026\/04\/IMG-20260430-WA0042-300x169.jpg 300w, https:\/\/mardinhaberyolu.com\/wp-content\/uploads\/2026\/04\/IMG-20260430-WA0042-1024x576.jpg 1024w, https:\/\/mardinhaberyolu.com\/wp-content\/uploads\/2026\/04\/IMG-20260430-WA0042-768x432.jpg 768w, https:\/\/mardinhaberyolu.com\/wp-content\/uploads\/2026\/04\/IMG-20260430-WA0042-1536x864.jpg 1536w, https:\/\/mardinhaberyolu.com\/wp-content\/uploads\/2026\/04\/IMG-20260430-WA0042.jpg 1600w\" sizes=\"(max-width: 300px) 100vw, 300px\" \/><\/p>\n<p>B\u00fclten<\/p>\n","protected":false},"excerpt":{"rendered":"<p>Il\u0131su Baraj\u0131 k\u0131y\u0131s\u0131nda yer alan piknik alanlar\u0131nda Darge\u00e7it Belediyesi taraf\u0131ndan kapsaml\u0131 bir temizlik ve \u00e7evre d\u00fczenleme \u00e7al\u0131\u015fmas\u0131 ger\u00e7ekle\u015ftirildi.<\/p>\n","protected":false},"author":1,"featured_media":113327,"comment_status":"open","ping_status":"open","sticky":false,"template":"","format":"standard","meta":{"footnotes":""},"categories":[3,4,9,30,27],"tags":[],"class_list":["post-113326","post","type-post","status-publish","format-standard","has-post-thumbnail","hentry","category-guncel","category-manset","category-mardin","category-ust-manset","category-yerel-siyaset"],"_links":{"self":[{"href":"https:\/\/mardinhaberyolu.com\/index.php?rest_route=\/wp\/v2\/posts\/113326","targetHints":{"allow":["GET"]}}],"collection":[{"href":"https:\/\/mardinhaberyolu.com\/index.php?rest_route=\/wp\/v2\/posts"}],"about":[{"href":"https:\/\/mardinhaberyolu.com\/index.php?rest_route=\/wp\/v2\/types\/post"}],"author":[{"embeddable":true,"href":"https:\/\/mardinhaberyolu.com\/index.php?rest_route=\/wp\/v2\/users\/1"}],"replies":[{"embeddable":true,"href":"https:\/\/mardinhaberyolu.com\/index.php?rest_route=%2Fwp%2Fv2%2Fcomments&post=113326"}],"version-history":[{"count":1,"href":"https:\/\/mardinhaberyolu.com\/index.php?rest_route=\/wp\/v2\/posts\/113326\/revisions"}],"predecessor-version":[{"id":113330,"href":"https:\/\/mardinhaberyolu.com\/index.php?rest_route=\/wp\/v2\/posts\/113326\/revisions\/113330"}],"wp:featuredmedia":[{"embeddable":true,"href":"https:\/\/mardinhaberyolu.com\/index.php?rest_route=\/wp\/v2\/media\/113327"}],"wp:attachment":[{"href":"https:\/\/mardinhaberyolu.com\/index.php?rest_route=%2Fwp%2Fv2%2Fmedia&parent=113326"}],"wp:term":[{"taxonomy":"category","embeddable":true,"href":"https:\/\/mardinhaberyolu.com\/index.php?rest_route=%2Fwp%2Fv2%2Fcategories&post=113326"},{"taxonomy":"post_tag","embeddable":true,"href":"https:\/\/mardinhaberyolu.com\/index.php?rest_route=%2Fwp%2Fv2%2Ftags&post=113326"}],"curies":[{"name":"wp","href":"https:\/\/api.w.org\/{rel}","templated":true}]}}