{"id":113318,"date":"2026-04-30T03:34:25","date_gmt":"2026-04-30T03:34:25","guid":{"rendered":"https:\/\/mardinhaberyolu.com\/?p=113318"},"modified":"2026-04-30T03:34:25","modified_gmt":"2026-04-30T03:34:25","slug":"milletvekili-kilictan-saglik-bakani-kemal-memisogluna-ziyaret","status":"publish","type":"post","link":"https:\/\/mardinhaberyolu.com\/?p=113318","title":{"rendered":"Milletvekili K\u0131l\u0131\u00e7&#8217;tan Sa\u011fl\u0131k Bakan\u0131 Kemal Memi\u015fo\u011flu&#8217;na Ziyaret"},"content":{"rendered":"<p>AK Parti Mardin Milletvekili Faruk K\u0131l\u0131\u00e7, Sa\u011fl\u0131k Bakan\u0131 Prof. Dr. Kemal Memi\u015fo\u011flu ile bir g\u00f6r\u00fc\u015fme ger\u00e7ekle\u015ftirerek, Mardin&#8217;in hekim ve sa\u011fl\u0131k personeli ihtiyac\u0131na ili\u015fkin gerekli ad\u0131mlar\u0131n at\u0131lmas\u0131 hususunu iletti.<\/p>\n<p>Mardin \u015eehir Hastanesi ile Maz\u0131da\u011f\u0131, Derik ve Darge\u00e7it devlet hastanelerinin yap\u0131m s\u00fcre\u00e7lerinin h\u0131zland\u0131r\u0131lmas\u0131na y\u00f6nelik taleplerini de ileten Milletvekili Faruk K\u0131l\u0131\u00e7, &#8220;\u00d6ncelikle nazik kabullerinden ve ilimize sunmu\u015f oldu\u011fu ayr\u0131cal\u0131ktan dolay\u0131 say\u0131n bakan\u0131m\u0131za te\u015fekk\u00fcr ediyorum. \u0130n\u015fallah \u00f6n\u00fcm\u00fczdeki s\u00fcre\u00e7te de Mardin ilimizin sa\u011fl\u0131k hizmetlerinin en \u00fcst seviyeye \u00e7\u0131kar\u0131lmas\u0131 i\u00e7in \u00e7al\u0131\u015fmalar\u0131m\u0131z\u0131 kararl\u0131l\u0131kla s\u00fcrd\u00fcrmeye devam edece\u011fiz.&#8221;<\/p>\n<p>Haber Merkezi<\/p>\n","protected":false},"excerpt":{"rendered":"<p>AK Parti Mardin Milletvekili Faruk K\u0131l\u0131\u00e7, Sa\u011fl\u0131k Bakan\u0131 Prof. Dr. Kemal Memi\u015fo\u011flu ile \u00f6nemli bir g\u00f6r\u00fc\u015fme ger\u00e7ekle\u015ftirdi.<\/p>\n","protected":false},"author":1,"featured_media":113319,"comment_status":"open","ping_status":"open","sticky":false,"template":"","format":"standard","meta":{"footnotes":""},"categories":[3,4,9,30],"tags":[],"class_list":["post-113318","post","type-post","status-publish","format-standard","has-post-thumbnail","hentry","category-guncel","category-manset","category-mardin","category-ust-manset"],"_links":{"self":[{"href":"https:\/\/mardinhaberyolu.com\/index.php?rest_route=\/wp\/v2\/posts\/113318","targetHints":{"allow":["GET"]}}],"collection":[{"href":"https:\/\/mardinhaberyolu.com\/index.php?rest_route=\/wp\/v2\/posts"}],"about":[{"href":"https:\/\/mardinhaberyolu.com\/index.php?rest_route=\/wp\/v2\/types\/post"}],"author":[{"embeddable":true,"href":"https:\/\/mardinhaberyolu.com\/index.php?rest_route=\/wp\/v2\/users\/1"}],"replies":[{"embeddable":true,"href":"https:\/\/mardinhaberyolu.com\/index.php?rest_route=%2Fwp%2Fv2%2Fcomments&post=113318"}],"version-history":[{"count":1,"href":"https:\/\/mardinhaberyolu.com\/index.php?rest_route=\/wp\/v2\/posts\/113318\/revisions"}],"predecessor-version":[{"id":113320,"href":"https:\/\/mardinhaberyolu.com\/index.php?rest_route=\/wp\/v2\/posts\/113318\/revisions\/113320"}],"wp:featuredmedia":[{"embeddable":true,"href":"https:\/\/mardinhaberyolu.com\/index.php?rest_route=\/wp\/v2\/media\/113319"}],"wp:attachment":[{"href":"https:\/\/mardinhaberyolu.com\/index.php?rest_route=%2Fwp%2Fv2%2Fmedia&parent=113318"}],"wp:term":[{"taxonomy":"category","embeddable":true,"href":"https:\/\/mardinhaberyolu.com\/index.php?rest_route=%2Fwp%2Fv2%2Fcategories&post=113318"},{"taxonomy":"post_tag","embeddable":true,"href":"https:\/\/mardinhaberyolu.com\/index.php?rest_route=%2Fwp%2Fv2%2Ftags&post=113318"}],"curies":[{"name":"wp","href":"https:\/\/api.w.org\/{rel}","templated":true}]}}