{"id":113310,"date":"2026-04-29T10:17:54","date_gmt":"2026-04-29T10:17:54","guid":{"rendered":"https:\/\/mardinhaberyolu.com\/?p=113310"},"modified":"2026-04-29T10:17:54","modified_gmt":"2026-04-29T10:17:54","slug":"mardinde-tespih-sanati-fuari-kapilarini-aciyor","status":"publish","type":"post","link":"https:\/\/mardinhaberyolu.com\/?p=113310","title":{"rendered":"Mardin\u2019de Tespih Sanat\u0131 Fuar\u0131 Kap\u0131lar\u0131n\u0131 A\u00e7\u0131yor"},"content":{"rendered":"<p>Mardin B\u00fcy\u00fck\u015fehir Belediyesi K\u00fclt\u00fcr, Sanat ve Sosyal \u0130\u015fler Daire Ba\u015fkanl\u0131\u011f\u0131 ev sahipli\u011finde ger\u00e7ekle\u015ftirilecek etkinlikte, geleneksel el sanatlar\u0131n\u0131n zarafeti g\u00f6zler \u00f6n\u00fcne serilecek.<\/p>\n<p>Tarihi ta\u015f sokaklar\u0131n ruhunu yans\u0131tan tespih ustal\u0131\u011f\u0131; sab\u0131r, emek ve incelikle \u015fekillenen yap\u0131s\u0131yla fuarda yeniden hayat bulacak. Kat\u0131l\u0131mc\u0131lar, ustalar\u0131n elinden \u00e7\u0131kan birbirinden de\u011ferli tespihleri yak\u0131ndan inceleme f\u0131rsat\u0131 bulurken, bu k\u00f6kl\u00fc sanat\u0131n ge\u00e7mi\u015ften g\u00fcn\u00fcm\u00fcze uzanan hik\u00e2yesine de tan\u0131kl\u0131k edebilecek.<\/p>\n<p>K\u00fclt\u00fcrel de\u011ferlerin ya\u015fat\u0131lmas\u0131 ve gelecek nesillere aktar\u0131lmas\u0131 amac\u0131yla d\u00fczenlenen fuar, hem sanat tutkunlar\u0131n\u0131 hem de geleneksel el sanatlar\u0131na ilgi duyan vatanda\u015flar\u0131 bir araya getirecek.<\/p>\n<p>T\u00fcm vatanda\u015flar, 1-3 May\u0131s tarihleri aras\u0131nda 10.00 ile 20.00 saatleri aras\u0131nda Artuklu Fuar Alan\u0131\u2019nda d\u00fczenlenecek Tespih Fuar\u0131\u2019na davet edildi.<\/p>\n<p>Haber Merkezi<\/p>\n","protected":false},"excerpt":{"rendered":"<p>Mardin\u2019de k\u00fclt\u00fcrel miras\u0131n \u00f6nemli de\u011ferlerinden biri olan tespih sanat\u0131, d\u00fczenlenecek \u00f6zel bir fuarla sanatseverlerle bulu\u015fuyor.<\/p>\n","protected":false},"author":1,"featured_media":113311,"comment_status":"open","ping_status":"open","sticky":false,"template":"","format":"standard","meta":{"footnotes":""},"categories":[4,9,17,30],"tags":[],"class_list":["post-113310","post","type-post","status-publish","format-standard","has-post-thumbnail","hentry","category-manset","category-mardin","category-toplumsal-yasam","category-ust-manset"],"_links":{"self":[{"href":"https:\/\/mardinhaberyolu.com\/index.php?rest_route=\/wp\/v2\/posts\/113310","targetHints":{"allow":["GET"]}}],"collection":[{"href":"https:\/\/mardinhaberyolu.com\/index.php?rest_route=\/wp\/v2\/posts"}],"about":[{"href":"https:\/\/mardinhaberyolu.com\/index.php?rest_route=\/wp\/v2\/types\/post"}],"author":[{"embeddable":true,"href":"https:\/\/mardinhaberyolu.com\/index.php?rest_route=\/wp\/v2\/users\/1"}],"replies":[{"embeddable":true,"href":"https:\/\/mardinhaberyolu.com\/index.php?rest_route=%2Fwp%2Fv2%2Fcomments&post=113310"}],"version-history":[{"count":1,"href":"https:\/\/mardinhaberyolu.com\/index.php?rest_route=\/wp\/v2\/posts\/113310\/revisions"}],"predecessor-version":[{"id":113312,"href":"https:\/\/mardinhaberyolu.com\/index.php?rest_route=\/wp\/v2\/posts\/113310\/revisions\/113312"}],"wp:featuredmedia":[{"embeddable":true,"href":"https:\/\/mardinhaberyolu.com\/index.php?rest_route=\/wp\/v2\/media\/113311"}],"wp:attachment":[{"href":"https:\/\/mardinhaberyolu.com\/index.php?rest_route=%2Fwp%2Fv2%2Fmedia&parent=113310"}],"wp:term":[{"taxonomy":"category","embeddable":true,"href":"https:\/\/mardinhaberyolu.com\/index.php?rest_route=%2Fwp%2Fv2%2Fcategories&post=113310"},{"taxonomy":"post_tag","embeddable":true,"href":"https:\/\/mardinhaberyolu.com\/index.php?rest_route=%2Fwp%2Fv2%2Ftags&post=113310"}],"curies":[{"name":"wp","href":"https:\/\/api.w.org\/{rel}","templated":true}]}}