{"id":113303,"date":"2026-04-29T08:31:43","date_gmt":"2026-04-29T08:31:43","guid":{"rendered":"https:\/\/mardinhaberyolu.com\/?p=113303"},"modified":"2026-04-29T08:31:43","modified_gmt":"2026-04-29T08:31:43","slug":"derikte-karahan-konagi-restorasyonuna-baslandi","status":"publish","type":"post","link":"https:\/\/mardinhaberyolu.com\/?p=113303","title":{"rendered":"Derik&#8217;te Karahan Kona\u011f\u0131 restorasyonuna ba\u015fland\u0131"},"content":{"rendered":"<p>Derik \u0130l\u00e7esinde tarihi \u2018Karahan Kona\u011f\u0131\u2019 restorasyon projesi kabul edilerek, turizme kazand\u0131r\u0131lmak \u00fczere restorasyonuna ba\u015fland\u0131.<br \/>\nDerik \u0130l\u00e7esinin K\u00fc\u00e7\u00fckp\u0131nar Mahallesinde bulunan,Derik Kaymakaml\u0131\u011f\u0131 Sosyal Yard\u0131mla\u015fma ve Dayan\u0131\u015fma Vakf\u0131\u2019na(SYDV) ait olan tarihi Karahan Kona\u011f\u0131,K\u00fclt\u00fcr ve Turizm Bakanl\u0131\u011f\u0131 destekli projesi kabul edilerek,Mardin Valili\u011fi Yat\u0131r\u0131m \u0130zleme ve Koordinasyon Ba\u015fkanl\u0131\u011f\u0131(Y\u0130KOB) destekleriyle restorasyonuna ba\u015flan\u0131ld\u0131.<br \/>\nDerik Kaymakam\u0131 Yunus Emre Bayrakl\u0131,\u2019Tarihi Karahan Kona\u011f\u0131\u2019n\u0131n restorasyon projesinin kabul edilmesinde K\u00fclt\u00fcr ve Turizm Bakanl\u0131\u011f\u0131 ile Mardin Valisi Say\u0131n Tuncay Akkoyun&#8217;un katk\u0131 ve desteklerinden dolay\u0131 te\u015fekk\u00fcr etti\u011fini,kona\u011f\u0131n restorasyonu tamamland\u0131\u011f\u0131nda Derik turizmine katk\u0131 sa\u011flayaca\u011f\u0131n\u0131,Derik&#8217;e hay\u0131rl\u0131 olmas\u0131n\u0131 dilediklerini&#8217; ifade etti.<br \/>\nEmrullah Karaka\u015f-Mardin Haberyolu<\/p>\n","protected":false},"excerpt":{"rendered":"<p>Derik&#8217;te tarihi bir mekan olarak kabul edilen Karahan Kona\u011f\u0131n\u0131n restorasyonuna ba\u015fland\u0131\u011f\u0131 a\u00e7\u0131kland\u0131. Kona\u011f\u0131n restorasyon i\u015flemlerinin bitiminden sonra turizme kazand\u0131r\u0131lmas\u0131 hedefleniyor.<\/p>\n","protected":false},"author":1,"featured_media":113304,"comment_status":"open","ping_status":"open","sticky":false,"template":"","format":"standard","meta":{"footnotes":""},"categories":[3,4,9,18,30],"tags":[],"class_list":["post-113303","post","type-post","status-publish","format-standard","has-post-thumbnail","hentry","category-guncel","category-manset","category-mardin","category-toplumsal-yasam-gundem","category-ust-manset"],"_links":{"self":[{"href":"https:\/\/mardinhaberyolu.com\/index.php?rest_route=\/wp\/v2\/posts\/113303","targetHints":{"allow":["GET"]}}],"collection":[{"href":"https:\/\/mardinhaberyolu.com\/index.php?rest_route=\/wp\/v2\/posts"}],"about":[{"href":"https:\/\/mardinhaberyolu.com\/index.php?rest_route=\/wp\/v2\/types\/post"}],"author":[{"embeddable":true,"href":"https:\/\/mardinhaberyolu.com\/index.php?rest_route=\/wp\/v2\/users\/1"}],"replies":[{"embeddable":true,"href":"https:\/\/mardinhaberyolu.com\/index.php?rest_route=%2Fwp%2Fv2%2Fcomments&post=113303"}],"version-history":[{"count":1,"href":"https:\/\/mardinhaberyolu.com\/index.php?rest_route=\/wp\/v2\/posts\/113303\/revisions"}],"predecessor-version":[{"id":113305,"href":"https:\/\/mardinhaberyolu.com\/index.php?rest_route=\/wp\/v2\/posts\/113303\/revisions\/113305"}],"wp:featuredmedia":[{"embeddable":true,"href":"https:\/\/mardinhaberyolu.com\/index.php?rest_route=\/wp\/v2\/media\/113304"}],"wp:attachment":[{"href":"https:\/\/mardinhaberyolu.com\/index.php?rest_route=%2Fwp%2Fv2%2Fmedia&parent=113303"}],"wp:term":[{"taxonomy":"category","embeddable":true,"href":"https:\/\/mardinhaberyolu.com\/index.php?rest_route=%2Fwp%2Fv2%2Fcategories&post=113303"},{"taxonomy":"post_tag","embeddable":true,"href":"https:\/\/mardinhaberyolu.com\/index.php?rest_route=%2Fwp%2Fv2%2Ftags&post=113303"}],"curies":[{"name":"wp","href":"https:\/\/api.w.org\/{rel}","templated":true}]}}