{"id":113295,"date":"2026-04-29T03:58:10","date_gmt":"2026-04-29T03:58:10","guid":{"rendered":"https:\/\/mardinhaberyolu.com\/?p=113295"},"modified":"2026-04-29T03:58:10","modified_gmt":"2026-04-29T03:58:10","slug":"kurumlar-arasi-futbol-turnuvasi-basladi","status":"publish","type":"post","link":"https:\/\/mardinhaberyolu.com\/?p=113295","title":{"rendered":"Kurumlar aras\u0131 futbol turnuvas\u0131 ba\u015flad\u0131"},"content":{"rendered":"<p>Toplam 44 tak\u0131m\u0131n m\u00fccadele etti\u011fi organizasyonun a\u00e7\u0131l\u0131\u015f kar\u015f\u0131la\u015fmas\u0131nda Kayap\u0131nar Belediyesi ile G\u00fcneydo\u011fu Gazeteciler Cemiyeti tak\u0131mlar\u0131 kar\u015f\u0131 kar\u015f\u0131ya geldi.<\/p>\n<p>D\u00fcndar &#8220;Organizasyon dostluk ve dayan\u0131\u015fma ruhunu g\u00fc\u00e7lendirir&#8221;<\/p>\n<p>Turnuvan\u0131n a\u00e7\u0131l\u0131\u015f seremonisinde konu\u015fan Kayap\u0131nar Belediyesi E\u015f Ba\u015fkan\u0131 Cengiz D\u00fcndar, organizasyonun dostluk ve dayan\u0131\u015fma ruhunu g\u00fc\u00e7lendirdi\u011fine dikkat \u00e7ekti. D\u00fcndar, \u201cGeleneksel hale getirdi\u011fimiz bu turnuvada t\u00fcm tak\u0131mlara ba\u015far\u0131lar diliyorum. Kazas\u0131z, belas\u0131z bir turnuva olmas\u0131n\u0131 temenni ediyorum\u201d ifadelerini kulland\u0131.<\/p>\n<p><img fetchpriority=\"high\" decoding=\"async\" class=\"alignnone size-medium wp-image-113297\" src=\"https:\/\/mardinhaberyolu.com\/wp-content\/uploads\/2026\/04\/IMG-20260428-WA0158-300x200.jpg\" alt=\"\" width=\"300\" height=\"200\" srcset=\"https:\/\/mardinhaberyolu.com\/wp-content\/uploads\/2026\/04\/IMG-20260428-WA0158-300x200.jpg 300w, https:\/\/mardinhaberyolu.com\/wp-content\/uploads\/2026\/04\/IMG-20260428-WA0158-1024x682.jpg 1024w, https:\/\/mardinhaberyolu.com\/wp-content\/uploads\/2026\/04\/IMG-20260428-WA0158-768x512.jpg 768w, https:\/\/mardinhaberyolu.com\/wp-content\/uploads\/2026\/04\/IMG-20260428-WA0158-1536x1024.jpg 1536w, https:\/\/mardinhaberyolu.com\/wp-content\/uploads\/2026\/04\/IMG-20260428-WA0158-2048x1365.jpg 2048w\" sizes=\"(max-width: 300px) 100vw, 300px\" \/><\/p>\n<p>Bozarslan &#8220;Bu organizasyonlar kurumlar aras\u0131 ileti\u015fimi peki\u015ftirecek&#8221;<\/p>\n<p>G\u00fcneydo\u011fu Gazeteciler Cemiyeti Ba\u015fkan\u0131 Felat Bozarslan ise bu t\u00fcr organizasyonlar\u0131n kurumlar aras\u0131 diyalog ve ileti\u015fimi peki\u015ftirdi\u011fini vurgulayarak, eme\u011fi ge\u00e7enlere te\u015fekk\u00fcr etti ve t\u00fcm tak\u0131mlara ba\u015far\u0131lar diledi.<\/p>\n<p>B\u00fcy\u00fck heyecana sahne olan a\u00e7\u0131l\u0131\u015f ma\u00e7\u0131nda futbolseverler adeta gol \u015f\u00f6leni izledi. Kar\u015f\u0131la\u015fmay\u0131 Kayap\u0131nar Belediyesi 4-3 kazanarak turnuvaya galibiyetle ba\u015flad\u0131.<\/p>\n<p><img decoding=\"async\" class=\"alignnone size-medium wp-image-113298\" src=\"https:\/\/mardinhaberyolu.com\/wp-content\/uploads\/2026\/04\/IMG-20260428-WA0150-300x200.jpg\" alt=\"\" width=\"300\" height=\"200\" srcset=\"https:\/\/mardinhaberyolu.com\/wp-content\/uploads\/2026\/04\/IMG-20260428-WA0150-300x200.jpg 300w, https:\/\/mardinhaberyolu.com\/wp-content\/uploads\/2026\/04\/IMG-20260428-WA0150-1024x682.jpg 1024w, https:\/\/mardinhaberyolu.com\/wp-content\/uploads\/2026\/04\/IMG-20260428-WA0150-768x512.jpg 768w, https:\/\/mardinhaberyolu.com\/wp-content\/uploads\/2026\/04\/IMG-20260428-WA0150-1536x1024.jpg 1536w, https:\/\/mardinhaberyolu.com\/wp-content\/uploads\/2026\/04\/IMG-20260428-WA0150-2048x1365.jpg 2048w\" sizes=\"(max-width: 300px) 100vw, 300px\" \/><img decoding=\"async\" class=\"alignnone size-medium wp-image-113299\" src=\"https:\/\/mardinhaberyolu.com\/wp-content\/uploads\/2026\/04\/IMG-20260428-WA0152-300x200.jpg\" alt=\"\" width=\"300\" height=\"200\" srcset=\"https:\/\/mardinhaberyolu.com\/wp-content\/uploads\/2026\/04\/IMG-20260428-WA0152-300x200.jpg 300w, https:\/\/mardinhaberyolu.com\/wp-content\/uploads\/2026\/04\/IMG-20260428-WA0152-1024x683.jpg 1024w, https:\/\/mardinhaberyolu.com\/wp-content\/uploads\/2026\/04\/IMG-20260428-WA0152-768x512.jpg 768w, https:\/\/mardinhaberyolu.com\/wp-content\/uploads\/2026\/04\/IMG-20260428-WA0152-1536x1024.jpg 1536w, https:\/\/mardinhaberyolu.com\/wp-content\/uploads\/2026\/04\/IMG-20260428-WA0152-2048x1366.jpg 2048w\" sizes=\"(max-width: 300px) 100vw, 300px\" \/><\/p>\n<p>B\u00fclten<\/p>\n","protected":false},"excerpt":{"rendered":"<p>Kayap\u0131nar Belediyesi ve G\u00fcneydo\u011fu Gazeteciler Cemiyeti i\u015fbirli\u011fiyle d\u00fczenlenen hal\u0131 saha futbol turnuvas\u0131n\u0131n ilk ma\u00e7lar\u0131 ba\u015flad\u0131. Turnuva renkli g\u00f6r\u00fcnt\u00fclere sahne oldu.<\/p>\n","protected":false},"author":1,"featured_media":113296,"comment_status":"open","ping_status":"open","sticky":false,"template":"","format":"standard","meta":{"footnotes":""},"categories":[20,3,4,30],"tags":[],"class_list":["post-113295","post","type-post","status-publish","format-standard","has-post-thumbnail","hentry","category-basin","category-guncel","category-manset","category-ust-manset"],"_links":{"self":[{"href":"https:\/\/mardinhaberyolu.com\/index.php?rest_route=\/wp\/v2\/posts\/113295","targetHints":{"allow":["GET"]}}],"collection":[{"href":"https:\/\/mardinhaberyolu.com\/index.php?rest_route=\/wp\/v2\/posts"}],"about":[{"href":"https:\/\/mardinhaberyolu.com\/index.php?rest_route=\/wp\/v2\/types\/post"}],"author":[{"embeddable":true,"href":"https:\/\/mardinhaberyolu.com\/index.php?rest_route=\/wp\/v2\/users\/1"}],"replies":[{"embeddable":true,"href":"https:\/\/mardinhaberyolu.com\/index.php?rest_route=%2Fwp%2Fv2%2Fcomments&post=113295"}],"version-history":[{"count":1,"href":"https:\/\/mardinhaberyolu.com\/index.php?rest_route=\/wp\/v2\/posts\/113295\/revisions"}],"predecessor-version":[{"id":113300,"href":"https:\/\/mardinhaberyolu.com\/index.php?rest_route=\/wp\/v2\/posts\/113295\/revisions\/113300"}],"wp:featuredmedia":[{"embeddable":true,"href":"https:\/\/mardinhaberyolu.com\/index.php?rest_route=\/wp\/v2\/media\/113296"}],"wp:attachment":[{"href":"https:\/\/mardinhaberyolu.com\/index.php?rest_route=%2Fwp%2Fv2%2Fmedia&parent=113295"}],"wp:term":[{"taxonomy":"category","embeddable":true,"href":"https:\/\/mardinhaberyolu.com\/index.php?rest_route=%2Fwp%2Fv2%2Fcategories&post=113295"},{"taxonomy":"post_tag","embeddable":true,"href":"https:\/\/mardinhaberyolu.com\/index.php?rest_route=%2Fwp%2Fv2%2Ftags&post=113295"}],"curies":[{"name":"wp","href":"https:\/\/api.w.org\/{rel}","templated":true}]}}