{"id":113290,"date":"2026-04-28T18:18:09","date_gmt":"2026-04-28T18:18:09","guid":{"rendered":"https:\/\/mardinhaberyolu.com\/?p=113290"},"modified":"2026-04-28T18:18:09","modified_gmt":"2026-04-28T18:18:09","slug":"13-mart-mahallesinde-elektrik-altyapi-calismalari-basladi","status":"publish","type":"post","link":"https:\/\/mardinhaberyolu.com\/?p=113290","title":{"rendered":"13 Mart Mahallesi\u2019nde Elektrik Altyap\u0131 \u00c7al\u0131\u015fmalar\u0131 Ba\u015flad\u0131"},"content":{"rendered":"<p>Kent genelinde ihtiya\u00e7 duyulan altyap\u0131 yenileme kapsam\u0131nda y\u00fcr\u00fct\u00fclen proje ile hem enerji hatlar\u0131n\u0131n daha g\u00fcvenli hale getirilmesi hem de g\u00f6r\u00fcnt\u00fc kirlili\u011fine neden olan kablolar\u0131n yer alt\u0131na al\u0131nmas\u0131 hedefleniyor.<\/p>\n<p>Belirlenen program do\u011frultusunda etaplar halinde s\u00fcrd\u00fcr\u00fclecek \u00e7al\u0131\u015fmalar kapsam\u0131nda, altyap\u0131 i\u015flemleri tamamlanan b\u00f6lgelerde \u00fcstyap\u0131 kaplamalar\u0131n\u0131n da k\u0131sa s\u00fcrede yenilenece\u011fi bildirildi.<\/p>\n<p><img fetchpriority=\"high\" decoding=\"async\" class=\"alignnone size-medium wp-image-113292\" src=\"https:\/\/mardinhaberyolu.com\/wp-content\/uploads\/2026\/04\/IMG-20260428-WA0129-300x200.jpg\" alt=\"\" width=\"300\" height=\"200\" srcset=\"https:\/\/mardinhaberyolu.com\/wp-content\/uploads\/2026\/04\/IMG-20260428-WA0129-300x200.jpg 300w, https:\/\/mardinhaberyolu.com\/wp-content\/uploads\/2026\/04\/IMG-20260428-WA0129-1024x683.jpg 1024w, https:\/\/mardinhaberyolu.com\/wp-content\/uploads\/2026\/04\/IMG-20260428-WA0129-768x512.jpg 768w, https:\/\/mardinhaberyolu.com\/wp-content\/uploads\/2026\/04\/IMG-20260428-WA0129-1536x1025.jpg 1536w, https:\/\/mardinhaberyolu.com\/wp-content\/uploads\/2026\/04\/IMG-20260428-WA0129-2048x1366.jpg 2048w\" sizes=\"(max-width: 300px) 100vw, 300px\" \/><\/p>\n<p>\u00c7al\u0131\u015fmalar\u0131n ba\u015flang\u0131c\u0131 dolay\u0131s\u0131yla d\u00fczenlenen programda Artuklu Belediyesi E\u015fba\u015fkan\u0131 Mehmet Ali Amak, belediye meclis \u00fcyeleri, 13 Mart Mahallesi Muhtar\u0131 Ferhan Batuk ve Dicle Elektrik yetkilileri haz\u0131r bulundu. \u0130lk kazman\u0131n vurulmas\u0131yla proje resmen hayata ge\u00e7irildi.<\/p>\n<p>Yetkililer, \u00e7al\u0131\u015fmalar s\u00fcresince ya\u015fanabilecek ge\u00e7ici aksakl\u0131klar nedeniyle vatanda\u015flardan anlay\u0131\u015f beklediklerini belirterek, g\u00f6sterilen sab\u0131r ve destek i\u00e7in te\u015fekk\u00fcr etti.<\/p>\n<p><img decoding=\"async\" class=\"alignnone size-medium wp-image-113293\" src=\"https:\/\/mardinhaberyolu.com\/wp-content\/uploads\/2026\/04\/IMG-20260428-WA0119-300x200.jpg\" alt=\"\" width=\"300\" height=\"200\" srcset=\"https:\/\/mardinhaberyolu.com\/wp-content\/uploads\/2026\/04\/IMG-20260428-WA0119-300x200.jpg 300w, https:\/\/mardinhaberyolu.com\/wp-content\/uploads\/2026\/04\/IMG-20260428-WA0119-1024x683.jpg 1024w, https:\/\/mardinhaberyolu.com\/wp-content\/uploads\/2026\/04\/IMG-20260428-WA0119-768x512.jpg 768w, https:\/\/mardinhaberyolu.com\/wp-content\/uploads\/2026\/04\/IMG-20260428-WA0119-1536x1025.jpg 1536w, https:\/\/mardinhaberyolu.com\/wp-content\/uploads\/2026\/04\/IMG-20260428-WA0119-2048x1366.jpg 2048w\" sizes=\"(max-width: 300px) 100vw, 300px\" \/><\/p>\n<p>B\u00fclten<\/p>\n","protected":false},"excerpt":{"rendered":"<p>Artuklu 13 Mart Mahallesi\u2019nde elektrik altyap\u0131s\u0131n\u0131n g\u00fc\u00e7lendirilmesine y\u00f6nelik \u00e7al\u0131\u015fmalar ba\u015flad\u0131.<\/p>\n","protected":false},"author":1,"featured_media":113291,"comment_status":"open","ping_status":"open","sticky":false,"template":"","format":"standard","meta":{"footnotes":""},"categories":[3,4,9,18,30],"tags":[],"class_list":["post-113290","post","type-post","status-publish","format-standard","has-post-thumbnail","hentry","category-guncel","category-manset","category-mardin","category-toplumsal-yasam-gundem","category-ust-manset"],"_links":{"self":[{"href":"https:\/\/mardinhaberyolu.com\/index.php?rest_route=\/wp\/v2\/posts\/113290","targetHints":{"allow":["GET"]}}],"collection":[{"href":"https:\/\/mardinhaberyolu.com\/index.php?rest_route=\/wp\/v2\/posts"}],"about":[{"href":"https:\/\/mardinhaberyolu.com\/index.php?rest_route=\/wp\/v2\/types\/post"}],"author":[{"embeddable":true,"href":"https:\/\/mardinhaberyolu.com\/index.php?rest_route=\/wp\/v2\/users\/1"}],"replies":[{"embeddable":true,"href":"https:\/\/mardinhaberyolu.com\/index.php?rest_route=%2Fwp%2Fv2%2Fcomments&post=113290"}],"version-history":[{"count":1,"href":"https:\/\/mardinhaberyolu.com\/index.php?rest_route=\/wp\/v2\/posts\/113290\/revisions"}],"predecessor-version":[{"id":113294,"href":"https:\/\/mardinhaberyolu.com\/index.php?rest_route=\/wp\/v2\/posts\/113290\/revisions\/113294"}],"wp:featuredmedia":[{"embeddable":true,"href":"https:\/\/mardinhaberyolu.com\/index.php?rest_route=\/wp\/v2\/media\/113291"}],"wp:attachment":[{"href":"https:\/\/mardinhaberyolu.com\/index.php?rest_route=%2Fwp%2Fv2%2Fmedia&parent=113290"}],"wp:term":[{"taxonomy":"category","embeddable":true,"href":"https:\/\/mardinhaberyolu.com\/index.php?rest_route=%2Fwp%2Fv2%2Fcategories&post=113290"},{"taxonomy":"post_tag","embeddable":true,"href":"https:\/\/mardinhaberyolu.com\/index.php?rest_route=%2Fwp%2Fv2%2Ftags&post=113290"}],"curies":[{"name":"wp","href":"https:\/\/api.w.org\/{rel}","templated":true}]}}