{"id":113281,"date":"2026-04-28T12:59:18","date_gmt":"2026-04-28T12:59:18","guid":{"rendered":"https:\/\/mardinhaberyolu.com\/?p=113281"},"modified":"2026-04-28T12:59:18","modified_gmt":"2026-04-28T12:59:18","slug":"artuklu-belediyesi-saracoglu-mahallesinde-yol-yenileme-calismalarini-surduruyor","status":"publish","type":"post","link":"https:\/\/mardinhaberyolu.com\/?p=113281","title":{"rendered":"Artuklu Belediyesi Sara\u00e7o\u011flu Mahallesi\u2019nde Yol Yenileme \u00c7al\u0131\u015fmalar\u0131n\u0131 S\u00fcrd\u00fcr\u00fcyor"},"content":{"rendered":"<p>&nbsp;<\/p>\n<p>Fen \u0130\u015fleri M\u00fcd\u00fcrl\u00fc\u011f\u00fc ekipleri taraf\u0131ndan y\u00fcr\u00fct\u00fclen \u00e7al\u0131\u015fmalar kapsam\u0131nda mahallede bozulan yollar bak\u0131m ve onar\u0131mdan ge\u00e7irilerek yeniden d\u00fczenleniyor.<\/p>\n<p>Mahalle yollar\u0131n\u0131n daha g\u00fcvenli ve konforlu hale getirilmesini ama\u00e7layan \u00e7al\u0131\u015fmalar\u0131n k\u0131sa s\u00fcrede tamamlanmas\u0131 hedefleniyor.<\/p>\n<p>Artuklu Belediyesi E\u015fba\u015fkan\u0131 Mehmet Ali Amak da sahada devam eden \u00e7al\u0131\u015fmalar\u0131 teknik ekiple birlikte yerinde inceleyerek y\u00fcr\u00fct\u00fclen \u00e7al\u0131\u015fmalar hakk\u0131nda bilgi ald\u0131.<\/p>\n<p>B\u00dcLTEN<\/p>\n","protected":false},"excerpt":{"rendered":"<p>Sara\u00e7o\u011flu Mahallesi\u2019nde uzun y\u0131llard\u0131r hasretle beklenen do\u011falgaz i\u00e7in altyap\u0131 \u00e7al\u0131\u015fmalar\u0131n\u0131n tamamlanmas\u0131n\u0131n ard\u0131ndan, Artuklu Belediyesi yol yenileme \u00e7al\u0131\u015fmalar\u0131n\u0131 s\u00fcrd\u00fcr\u00fcyor.<\/p>\n","protected":false},"author":1,"featured_media":113282,"comment_status":"open","ping_status":"open","sticky":false,"template":"","format":"standard","meta":{"footnotes":""},"categories":[3,4,9,18,27],"tags":[],"class_list":["post-113281","post","type-post","status-publish","format-standard","has-post-thumbnail","hentry","category-guncel","category-manset","category-mardin","category-toplumsal-yasam-gundem","category-yerel-siyaset"],"_links":{"self":[{"href":"https:\/\/mardinhaberyolu.com\/index.php?rest_route=\/wp\/v2\/posts\/113281","targetHints":{"allow":["GET"]}}],"collection":[{"href":"https:\/\/mardinhaberyolu.com\/index.php?rest_route=\/wp\/v2\/posts"}],"about":[{"href":"https:\/\/mardinhaberyolu.com\/index.php?rest_route=\/wp\/v2\/types\/post"}],"author":[{"embeddable":true,"href":"https:\/\/mardinhaberyolu.com\/index.php?rest_route=\/wp\/v2\/users\/1"}],"replies":[{"embeddable":true,"href":"https:\/\/mardinhaberyolu.com\/index.php?rest_route=%2Fwp%2Fv2%2Fcomments&post=113281"}],"version-history":[{"count":1,"href":"https:\/\/mardinhaberyolu.com\/index.php?rest_route=\/wp\/v2\/posts\/113281\/revisions"}],"predecessor-version":[{"id":113283,"href":"https:\/\/mardinhaberyolu.com\/index.php?rest_route=\/wp\/v2\/posts\/113281\/revisions\/113283"}],"wp:featuredmedia":[{"embeddable":true,"href":"https:\/\/mardinhaberyolu.com\/index.php?rest_route=\/wp\/v2\/media\/113282"}],"wp:attachment":[{"href":"https:\/\/mardinhaberyolu.com\/index.php?rest_route=%2Fwp%2Fv2%2Fmedia&parent=113281"}],"wp:term":[{"taxonomy":"category","embeddable":true,"href":"https:\/\/mardinhaberyolu.com\/index.php?rest_route=%2Fwp%2Fv2%2Fcategories&post=113281"},{"taxonomy":"post_tag","embeddable":true,"href":"https:\/\/mardinhaberyolu.com\/index.php?rest_route=%2Fwp%2Fv2%2Ftags&post=113281"}],"curies":[{"name":"wp","href":"https:\/\/api.w.org\/{rel}","templated":true}]}}