{"id":113276,"date":"2026-04-28T12:54:54","date_gmt":"2026-04-28T12:54:54","guid":{"rendered":"https:\/\/mardinhaberyolu.com\/?p=113276"},"modified":"2026-04-28T12:54:54","modified_gmt":"2026-04-28T12:54:54","slug":"buyuksehir-belediyesi-100-ton-atik-lastigi-geri-donusume-kazandirdi","status":"publish","type":"post","link":"https:\/\/mardinhaberyolu.com\/?p=113276","title":{"rendered":"B\u00fcy\u00fck\u015fehir Belediyesi, 100 Ton At\u0131k Lasti\u011fi Geri D\u00f6n\u00fc\u015f\u00fcme Kazand\u0131rd\u0131"},"content":{"rendered":"<p>Mardin B\u00fcy\u00fck\u015fehir Belediyesi \u0130klim De\u011fi\u015fikli\u011fi ve S\u0131f\u0131r At\u0131k Daire Ba\u015fkanl\u0131\u011f\u0131 koordinasyonunda y\u00fcr\u00fct\u00fclen at\u0131k lastik toplama \u00e7al\u0131\u015fmalar\u0131, \u00e7evre kirlili\u011finin \u00f6nlenmesi ve geri d\u00f6n\u00fc\u015f\u00fcm s\u00fcrecine katk\u0131 sunmaya devam ediyor. \u0130l genelinde ger\u00e7ekle\u015ftirilen \u00e7al\u0131\u015fmalar kapsam\u0131nda \u00f6mr\u00fcn\u00fc tamamlam\u0131\u015f lastikler toplanarak Lastik Sanayicileri Derne\u011fi (LASDER) i\u015f birli\u011fiyle lisansl\u0131 tesislerde geri d\u00f6n\u00fc\u015f\u00fcme kazand\u0131r\u0131l\u0131yor. Y\u00fcr\u00fct\u00fclen uygulamalar sonucu bug\u00fcne kadar toplam 100 ton at\u0131k lastik ekonomiye yeniden kazand\u0131r\u0131ld\u0131.<\/p>\n<p>Toplanan lastikler tesislerde ilk olarak ayr\u0131\u015ft\u0131rma ve temizleme i\u015flemlerinden ge\u00e7iriliyor. \u00c7elik ve tekstil bile\u015fenleri \u00f6zel sistemlerle ayr\u0131\u015ft\u0131r\u0131l\u0131rken, kau\u00e7uk malzeme gran\u00fcl hale getiriliyor. Elde edilen geri d\u00f6n\u00fc\u015f\u00fcm \u00fcr\u00fcn\u00fc; yol yap\u0131m\u0131, spor sahalar\u0131, \u00e7ocuk oyun alanlar\u0131 ve sanayi \u00fcretiminde hammadde olarak de\u011ferlendiriliyor.<\/p>\n<p>Baz\u0131 at\u0131k lastikler ise \u00e7imento fabrikalar\u0131nda alternatif yak\u0131t olarak kullan\u0131larak enerji geri kazan\u0131m\u0131na katk\u0131 sa\u011fl\u0131yor. Bu y\u00f6ntemle hem fosil yak\u0131t kullan\u0131m\u0131 azalt\u0131l\u0131yor hem de \u00e7evresel etkiler en aza indiriliyor.<\/p>\n<p>Yetkililer, geli\u015fig\u00fczel do\u011faya b\u0131rak\u0131lan at\u0131k lastiklerin yang\u0131n riski olu\u015fturdu\u011funu, ha\u015fere \u00fcremesine zemin haz\u0131rlad\u0131\u011f\u0131n\u0131 ve uzun y\u0131llar do\u011fada \u00e7\u00f6z\u00fcnmeden kald\u0131\u011f\u0131n\u0131 vurgulayarak, y\u00fcr\u00fct\u00fclen \u00e7al\u0131\u015fman\u0131n \u00e7evre sa\u011fl\u0131\u011f\u0131 a\u00e7\u0131s\u0131ndan kritik bir rol \u00fcstlendi\u011fini ifade etti.<br \/>\nVatanda\u015flara da \u00e7a\u011fr\u0131da bulunularak, kullan\u0131lmayan lastiklerin belediye taraf\u0131ndan belirlenen toplama noktalar\u0131na teslim edilmesi istendi.<\/p>\n<p>\u0130klim De\u011fi\u015fikli\u011fi ve S\u0131f\u0131r At\u0131k Daire Ba\u015fkanl\u0131\u011f\u0131 koordinasyonunda s\u00fcrd\u00fcr\u00fclen \u00e7al\u0131\u015fmalar\u0131n, daha temiz ve sa\u011fl\u0131kl\u0131 bir \u00e7evre hedefi do\u011frultusunda devam edece\u011fi bildirildi.<\/p>\n<p><img fetchpriority=\"high\" decoding=\"async\" class=\"alignnone size-medium wp-image-113278\" src=\"https:\/\/mardinhaberyolu.com\/wp-content\/uploads\/2026\/04\/L2-300x169.jpg\" alt=\"\" width=\"300\" height=\"169\" srcset=\"https:\/\/mardinhaberyolu.com\/wp-content\/uploads\/2026\/04\/L2-300x169.jpg 300w, https:\/\/mardinhaberyolu.com\/wp-content\/uploads\/2026\/04\/L2-1024x576.jpg 1024w, https:\/\/mardinhaberyolu.com\/wp-content\/uploads\/2026\/04\/L2-768x432.jpg 768w, https:\/\/mardinhaberyolu.com\/wp-content\/uploads\/2026\/04\/L2-1536x864.jpg 1536w, https:\/\/mardinhaberyolu.com\/wp-content\/uploads\/2026\/04\/L2.jpg 2048w\" sizes=\"(max-width: 300px) 100vw, 300px\" \/><\/p>\n<p>HABER MERKEZ\u0130<\/p>\n","protected":false},"excerpt":{"rendered":"<p>Mardin B\u00fcy\u00fck\u015fehir Belediyesi, \u00e7evreyi korumaya y\u00f6nelik y\u00fcr\u00fctt\u00fc\u011f\u00fc \u00e7al\u0131\u015fmalar kapsam\u0131nda \u00f6mr\u00fcn\u00fc tamamlam\u0131\u015f lastiklerin toplanarak geri d\u00f6n\u00fc\u015f\u00fcme kazand\u0131r\u0131lmas\u0131n\u0131 sa\u011flad\u0131. Ger\u00e7ekle\u015ftirilen \u00e7al\u0131\u015fma ile 100 ton at\u0131k lastik ekonomiye yeniden kazand\u0131r\u0131ld\u0131.<\/p>\n","protected":false},"author":1,"featured_media":113277,"comment_status":"open","ping_status":"open","sticky":false,"template":"","format":"standard","meta":{"footnotes":""},"categories":[3,4,9,18,30,27],"tags":[],"class_list":["post-113276","post","type-post","status-publish","format-standard","has-post-thumbnail","hentry","category-guncel","category-manset","category-mardin","category-toplumsal-yasam-gundem","category-ust-manset","category-yerel-siyaset"],"_links":{"self":[{"href":"https:\/\/mardinhaberyolu.com\/index.php?rest_route=\/wp\/v2\/posts\/113276","targetHints":{"allow":["GET"]}}],"collection":[{"href":"https:\/\/mardinhaberyolu.com\/index.php?rest_route=\/wp\/v2\/posts"}],"about":[{"href":"https:\/\/mardinhaberyolu.com\/index.php?rest_route=\/wp\/v2\/types\/post"}],"author":[{"embeddable":true,"href":"https:\/\/mardinhaberyolu.com\/index.php?rest_route=\/wp\/v2\/users\/1"}],"replies":[{"embeddable":true,"href":"https:\/\/mardinhaberyolu.com\/index.php?rest_route=%2Fwp%2Fv2%2Fcomments&post=113276"}],"version-history":[{"count":1,"href":"https:\/\/mardinhaberyolu.com\/index.php?rest_route=\/wp\/v2\/posts\/113276\/revisions"}],"predecessor-version":[{"id":113279,"href":"https:\/\/mardinhaberyolu.com\/index.php?rest_route=\/wp\/v2\/posts\/113276\/revisions\/113279"}],"wp:featuredmedia":[{"embeddable":true,"href":"https:\/\/mardinhaberyolu.com\/index.php?rest_route=\/wp\/v2\/media\/113277"}],"wp:attachment":[{"href":"https:\/\/mardinhaberyolu.com\/index.php?rest_route=%2Fwp%2Fv2%2Fmedia&parent=113276"}],"wp:term":[{"taxonomy":"category","embeddable":true,"href":"https:\/\/mardinhaberyolu.com\/index.php?rest_route=%2Fwp%2Fv2%2Fcategories&post=113276"},{"taxonomy":"post_tag","embeddable":true,"href":"https:\/\/mardinhaberyolu.com\/index.php?rest_route=%2Fwp%2Fv2%2Ftags&post=113276"}],"curies":[{"name":"wp","href":"https:\/\/api.w.org\/{rel}","templated":true}]}}