{"id":113272,"date":"2026-04-27T12:34:08","date_gmt":"2026-04-27T12:34:08","guid":{"rendered":"https:\/\/mardinhaberyolu.com\/?p=113272"},"modified":"2026-04-27T12:34:08","modified_gmt":"2026-04-27T12:34:08","slug":"derikte-yol-temizlik-araciyla-carpisan-otomobilin-surucusu-17-ay-sonra-vefat-etti","status":"publish","type":"post","link":"https:\/\/mardinhaberyolu.com\/?p=113272","title":{"rendered":"Derik\u2019te yol temizlik arac\u0131yla \u00e7arp\u0131\u015fan otomobilin s\u00fcr\u00fcc\u00fcs\u00fc 17 ay sonra vefat etti."},"content":{"rendered":"<p>Kaza,18 Aral\u0131k 2024\u2019te ak\u015fam saatlerinde \u0130l\u00e7enin Kale Mahallesi Amed caddesinde yol temizleme \u00e7al\u0131\u015fmas\u0131n\u0131 y\u00fcr\u00fcten Derik Belediyesi\u2019ne ait yol temizleme arac\u0131na \u0130brahim Kaya y\u00f6netimindeki 09 AT 549 plakal\u0131 ara\u00e7la \u00e7arp\u0131\u015fmas\u0131 sonucu meydana gelmi\u015fti. Kaza sonucunda ara\u00e7 hurdaya d\u00f6nerken, kaza yerinde a\u011f\u0131r yaralanan s\u00fcr\u00fcc\u00fc \u0130brahim Kaya 112 sa\u011fl\u0131k ekiplerinin ilk m\u00fcdahalelerin ard\u0131ndan K\u0131z\u0131ltepe Devlet Hastanesi\u2019nde yo\u011fun bak\u0131m \u00fcnitesine ve daha sonra Mardin\u2019deki \u00d6zel bir hastanede tedavi alt\u0131na al\u0131nm\u0131\u015ft\u0131.<br \/>\nKazan\u0131n \u00fczerinden yakla\u015f\u0131k 17 ay sonra tedavi g\u00f6rd\u00fc\u011f\u00fc Mardin\u2019deki \u00f6zel bir hastanede sabah saatlerinde ya\u015fama tutunamayarak vefat eden, \u0130l\u00e7enin S\u00f6\u011f\u00fct\u00fcz\u00fc Muhtar\u0131 \u015eeyhmus Kaya\u2019n\u0131n o\u011flu oldu\u011fu \u00f6\u011frenilen \u0130brahim Kaya\u2019n\u0131n cenazesi ailesi taraf\u0131ndan hastane morgundan al\u0131narak S\u00f6\u011f\u00fct\u00fcz\u00fc aile mezarl\u0131\u011f\u0131nda g\u00f6z ya\u015flar\u0131 aras\u0131nda defnedildi.<br \/>\nEMRULLAH KARAKA\u015e-MARD\u0130N HABERYOLU<\/p>\n","protected":false},"excerpt":{"rendered":"<p>Derik \u0130l\u00e7esinde 17 ay \u00f6nce Derik Belediyesi\u2019ne ait yol temizleme arac\u0131yla \u00e7arp\u0131\u015farak yaralanan 19 ya\u015f\u0131ndaki \u0130brahim Kaya ya\u015fama tutunamad\u0131.<\/p>\n","protected":false},"author":1,"featured_media":113273,"comment_status":"open","ping_status":"open","sticky":false,"template":"","format":"standard","meta":{"footnotes":""},"categories":[4,9,18,30],"tags":[],"class_list":["post-113272","post","type-post","status-publish","format-standard","has-post-thumbnail","hentry","category-manset","category-mardin","category-toplumsal-yasam-gundem","category-ust-manset"],"_links":{"self":[{"href":"https:\/\/mardinhaberyolu.com\/index.php?rest_route=\/wp\/v2\/posts\/113272","targetHints":{"allow":["GET"]}}],"collection":[{"href":"https:\/\/mardinhaberyolu.com\/index.php?rest_route=\/wp\/v2\/posts"}],"about":[{"href":"https:\/\/mardinhaberyolu.com\/index.php?rest_route=\/wp\/v2\/types\/post"}],"author":[{"embeddable":true,"href":"https:\/\/mardinhaberyolu.com\/index.php?rest_route=\/wp\/v2\/users\/1"}],"replies":[{"embeddable":true,"href":"https:\/\/mardinhaberyolu.com\/index.php?rest_route=%2Fwp%2Fv2%2Fcomments&post=113272"}],"version-history":[{"count":1,"href":"https:\/\/mardinhaberyolu.com\/index.php?rest_route=\/wp\/v2\/posts\/113272\/revisions"}],"predecessor-version":[{"id":113274,"href":"https:\/\/mardinhaberyolu.com\/index.php?rest_route=\/wp\/v2\/posts\/113272\/revisions\/113274"}],"wp:featuredmedia":[{"embeddable":true,"href":"https:\/\/mardinhaberyolu.com\/index.php?rest_route=\/wp\/v2\/media\/113273"}],"wp:attachment":[{"href":"https:\/\/mardinhaberyolu.com\/index.php?rest_route=%2Fwp%2Fv2%2Fmedia&parent=113272"}],"wp:term":[{"taxonomy":"category","embeddable":true,"href":"https:\/\/mardinhaberyolu.com\/index.php?rest_route=%2Fwp%2Fv2%2Fcategories&post=113272"},{"taxonomy":"post_tag","embeddable":true,"href":"https:\/\/mardinhaberyolu.com\/index.php?rest_route=%2Fwp%2Fv2%2Ftags&post=113272"}],"curies":[{"name":"wp","href":"https:\/\/api.w.org\/{rel}","templated":true}]}}