{"id":113270,"date":"2026-04-27T12:29:33","date_gmt":"2026-04-27T12:29:33","guid":{"rendered":"https:\/\/mardinhaberyolu.com\/?p=113270"},"modified":"2026-04-27T12:30:46","modified_gmt":"2026-04-27T12:30:46","slug":"herkes-biliyor-kimse-konusmuyor-vanda-derin-sessizlik","status":"publish","type":"post","link":"https:\/\/mardinhaberyolu.com\/?p=113270","title":{"rendered":"HERKES B\u0130L\u0130YOR, K\u0130MSE KONU\u015eMUYOR:  VAN\u2019DA DER\u0130N SESS\u0130ZL\u0130K\u2026"},"content":{"rendered":"<p>Rojin Kabai\u015f dosyas\u0131 art\u0131k sadece bir adli vaka de\u011fil. Bu mesele, bir \u015fehrin suskunlu\u011fu ile vicdan\u0131 aras\u0131nda s\u0131k\u0131\u015fm\u0131\u015f bir hakikat meselesidir. Ve bu suskunlu\u011fun ortas\u0131nda konu\u015fan tek bir ses var: Bir baba\u2026 Nizamettin Kabai\u015f. 25 kez Van\u2019a gelip gitmi\u015f. \u0130ki y\u0131ld\u0131r ayn\u0131 sorunun pe\u015finde: <strong>\u2018K\u0131z\u0131m\u0131n ba\u015f\u0131na ne geldi?\u2019<\/strong><\/p>\n<p><strong>Van\u2019da garip bir durum var.<\/strong><\/p>\n<p><strong>Herkes bir \u015feyler biliyor.<\/strong><\/p>\n<p><strong>Ama kimse konu\u015fmuyor.<\/strong><\/p>\n<p>Bu s\u0131radan bir sessizlik de\u011fil. Bu, g\u00fc\u00e7ten \u00e7ekinmenin, dengeleri bozmama iste\u011finin, hatta korkunun sessizli\u011fi. \u00c7\u00fcnk\u00fc \u015fehirde yayg\u0131n bir kanaat var: <strong>Bu olay\u0131n arkas\u0131nda n\u00fcfuzlu ve g\u00fc\u00e7l\u00fc isimler oldu\u011fu iddias\u0131\u2026<\/strong> Bu y\u00fczden kamu kurumlar\u0131 suskun.<\/p>\n<p>Yetkililer suskun.<\/p>\n<p>Memurlar suskun.<\/p>\n<p>Herkes ayn\u0131 \u015feyi d\u00fc\u015f\u00fcn\u00fcyor:<strong> \u2018Bu i\u015fe girme\u2026\u2019<\/strong><\/p>\n<p><strong>Ama as\u0131l soru \u015fu: E\u011fer ortada bir su\u00e7 yoksa, bu kadar b\u00fcy\u00fck bir sessizlik neden?<\/strong><\/p>\n<p><strong>\u0130ddialar a\u011f\u0131r, sorular daha da a\u011f\u0131r: Hen\u00fcz otopsi yap\u0131lmadan neden \u2018intihar\u2019 denildi?<\/strong><\/p>\n<p><strong>Van Valisi Ozan Balc\u0131, ger\u00e7ekten bir babaya bu kadar kesin bir dille bunu s\u00f6yledi mi?<\/strong><\/p>\n<p><strong>E\u011fer s\u00f6ylediyse, bu kesinlik neye dayan\u0131yordu?<\/strong><\/p>\n<p><strong>Rekt\u00f6r Prof. Dr. Hamdullah \u015eevli neden bu dosyada an\u0131l\u0131yor?<\/strong><\/p>\n<p><strong>Otopsiye girdi\u011fi iddias\u0131 do\u011fru mu, de\u011fil mi?<\/strong><\/p>\n<p>Bu kadar ciddi iddialar neden a\u00e7\u0131k ve net bi\u00e7imde cevaplanm\u0131yor? Ve en kritik noktalardan biri: Rojin\u2019in bedeninde iki farkl\u0131 erkek DNA\u2019s\u0131 bulundu\u011fu iddias\u0131\u2026 Telefonunun h\u00e2l\u00e2 \u00e7\u00f6z\u00fclememi\u015f olmas\u0131\u2026 B\u00fct\u00fcn bunlar ortadayken, <strong>\u2018intihar\u2019<\/strong> ihtimali bu kadar rahat nas\u0131l dillendirilebilir? Bu sorular cevaplanmad\u0131k\u00e7a, \u015f\u00fcphe b\u00fcy\u00fcr\u2026 Sessizlik daha da a\u011f\u0131rla\u015f\u0131r.<\/p>\n<p><strong>B\u0130R BABANIN \u00c7\u00d6K\u00dc\u015e\u00dc, B\u0130R S\u0130STEM\u0130N SINAVI<\/strong><\/p>\n<p>Bu dosyada en a\u011f\u0131r y\u00fck\u00fc ta\u015f\u0131yan ki\u015fi bir baba\u2026 Nizamettin Kabai\u015f\u2019in iki y\u0131l i\u00e7indeki hali, asl\u0131nda bu s\u00fcrecin en a\u00e7\u0131k foto\u011fraf\u0131d\u0131r. Bir insan\u0131n adalet ararken nas\u0131l yava\u015f yava\u015f \u00e7\u00f6kt\u00fc\u011f\u00fcn\u00fcn, nas\u0131l yoruldu\u011funun, nas\u0131l yaln\u0131z b\u0131rak\u0131ld\u0131\u011f\u0131n\u0131n foto\u011fraf\u0131\u2026<\/p>\n<p>Kendi c\u00fcmlesiyle: <strong>\u2018Biz fakiriz diye sahipsiz kald\u0131k\u2026\u2019 <\/strong>Bu c\u00fcmle bir sitem de\u011fil. Bu c\u00fcmle, bir sistem ele\u015ftirisidir. E\u011fer adalet, insanlar\u0131n g\u00fcc\u00fcne, \u00e7evresine, imk\u00e2n\u0131na g\u00f6re i\u015flemeye ba\u015flarsa, orada hukuk de\u011fil, ayr\u0131cal\u0131k d\u00fczeni vard\u0131r. Bir baba 25 kez ayn\u0131 kap\u0131ya gidiyorsa, ama h\u00e2l\u00e2 bir cevap alam\u0131yorsa, orada sadece bir dosya de\u011fil, bir anlay\u0131\u015f sorgulan\u0131r.<\/p>\n<p>Tunceli\u2019de ortaya \u00e7\u0131kan tablo ise bu sorgulamay\u0131 daha da sertle\u015ftiriyor. Orada iddia edilenler, s\u0131radan de\u011fil\u2026 Kamu g\u00fcc\u00fcn\u00fcn, baz\u0131 ki\u015filer taraf\u0131ndan ki\u015fisel alan gibi kullan\u0131ld\u0131\u011f\u0131\u2026 Bir valinin o\u011flunun, gen\u00e7lik merkezini istedi\u011fi gibi kulland\u0131\u011f\u0131\u2026 Hatta bu alanlar\u0131n, amac\u0131n\u0131n d\u0131\u015f\u0131nda ve son derece vahim iddialarla an\u0131lmas\u0131\u2026<\/p>\n<p>Burada durup d\u00fc\u015f\u00fcnmek gerekiyor: Gen\u00e7lik merkezleri ne i\u00e7in vard\u0131r? Gen\u00e7lerin; bedensel, ruhsal, zihinsel ve sosyal geli\u015fimini desteklemek, onlara g\u00fcvenli bir alan sunmak, geleceklerini korumak i\u00e7in\u2026<\/p>\n<p>E\u011fer bu alanlar, iddialarda ge\u00e7ti\u011fi gibi amac\u0131ndan sapt\u0131r\u0131l\u0131yorsa, bu sadece bir ihmal de\u011fildir. Bu, gen\u00e7li\u011fe ve topluma kar\u015f\u0131 i\u015flenmi\u015f a\u011f\u0131r bir sorumluluktur. Ve \u015fu soru ka\u00e7\u0131n\u0131lmazd\u0131r: <strong>Devletin imk\u00e2nlar\u0131 ger\u00e7ekten kimin i\u00e7in kullan\u0131l\u0131yor?<\/strong><\/p>\n<p><strong>DE\u011eERLER\u0130N ARKASINA SI\u011eINANLAR<\/strong><\/p>\n<p>Bu olayda dikkat \u00e7eken bir ba\u015fka konu da baz\u0131 sivil toplum kurulu\u015flar\u0131n\u0131n tavr\u0131. <strong>\u2018\u015eehit\u2019, \u2018gazi\u2019, \u2018vatan\u2019<\/strong> gibi kutsal de\u011ferleri isimlerinde ta\u015f\u0131yan baz\u0131 dernekler\u2026<\/p>\n<p>Rojin Kabai\u015f i\u00e7in payla\u015f\u0131m yapt\u0131lar. Binin \u00fczerinde be\u011feni, y\u00fczlerce yorum\u2026 Ama sonra\u2026 29 Ekim resepsiyonu sonras\u0131, bir dernek ba\u015fkan\u0131n\u0131n rekt\u00f6rle verdi\u011fi pozun ard\u0131ndan\u2026 O payla\u015f\u0131m sessizce kald\u0131r\u0131ld\u0131. Bu sadece bir detay de\u011fil. Bu, bir duru\u015f meselesidir. \u015eimdi soral\u0131m:<\/p>\n<p><strong>O payla\u015f\u0131mlar ger\u00e7ekten samimi miydi?<\/strong><\/p>\n<p><strong>Destek verenler neden bir anda sessizle\u015fti?<\/strong><\/p>\n<p><strong>Bir foto\u011fraf, bir vicdan\u0131 susturmaya yeter mi?<\/strong><\/p>\n<p>Ge\u00e7mi\u015fte de g\u00f6rd\u00fck\u2026 Baz\u0131 yap\u0131lar, bu kutsal isimlerin arkas\u0131na s\u0131\u011f\u0131n\u0131p farkl\u0131 ili\u015fkiler kurabiliyor. Elbette hepsi de\u011fil. Ama birka\u00e7 \u00f6rnek bile yeter: \u00c7\u00fcnk\u00fc g\u00fcven bir kez zedelendi mi, kolay onar\u0131lmaz.<\/p>\n<p><strong>S\u0130YASETE G\u00d6RE V\u0130CDAN OLUR MU?<\/strong><\/p>\n<p>Belki de en rahats\u0131z edici ger\u00e7ek \u015fu: \u0130nsanlar bu olaya, ger\u00e7e\u011fe g\u00f6re de\u011fil, siyasi duru\u015funa g\u00f6re bak\u0131yor.<\/p>\n<p><strong>Kimi susuyor\u2026<\/strong><\/p>\n<p><strong>Kimi g\u00f6rmezden geliyor\u2026<\/strong><\/p>\n<p><strong>Kimi ba\u015ftan h\u00fckm\u00fcn\u00fc veriyor\u2026<\/strong><\/p>\n<p>Oysa burada bir gen\u00e7 k\u0131z\u0131n hayat\u0131 s\u00f6z konusu. Bu meselede taraf olunacak tek yer vard\u0131r: Adaletin ve ger\u00e7e\u011fin yan\u0131. Vicdan\u0131n taraf\u0131 olmaz. Olursa, o art\u0131k vicdan de\u011fildir.<\/p>\n<p><strong>BUG\u00dcN SUSANLAR DA B\u0130RER BABA<\/strong><\/p>\n<p>Bug\u00fcn susanlar\u0131n \u00e7o\u011fu da birer baba\u2026 Ve bir\u00e7o\u011funun k\u0131z \u00e7ocuklar\u0131 var. O y\u00fczden \u015fu soruyu sormak gerekiyor: <strong>Ayn\u0131 \u015fey kendi evlatlar\u0131n\u0131n ba\u015f\u0131na gelseydi, yine bu kadar sessiz kalabilirler miydi? <\/strong>Bu soru rahats\u0131z eder. Ama ger\u00e7e\u011fe yakla\u015ft\u0131r\u0131r.<\/p>\n<p>Adalet Bakan\u0131 Ak\u0131n G\u00fcrlek\u2019in bu t\u00fcr dosyalar i\u00e7in \u00f6zel ekip kurulaca\u011f\u0131n\u0131 a\u00e7\u0131klamas\u0131\u2026 Bu, bir s\u00fcrecin ba\u015flad\u0131\u011f\u0131n\u0131 g\u00f6steriyor. Van bug\u00fcn sessiz olabilir. Ama bu sessizlik kal\u0131c\u0131 de\u011fil. \u00c7\u00fcnk\u00fc art\u0131k herkes \u015funu biliyor:<\/p>\n<p><strong>Bu dosya kapanmayacak.<\/strong><\/p>\n<p><strong>Bu sorular cevaps\u0131z kalmayacak.<\/strong><\/p>\n<p>Bug\u00fcn konu\u015fmayanlar olabilir. Ama yar\u0131n konu\u015fmak zorunda kalacaklar. \u00c7\u00fcnk\u00fc ger\u00e7ekler gecikir\u2026 Ama kaybolmaz. Ve adalet, en derin sessizli\u011fi bile par\u00e7alar.<\/p>\n<p><strong>Sevgiyle kal\u0131n.<\/strong><\/p>\n<p><strong>\u00a0<\/strong><\/p>\n<p><strong>\u00a0<\/strong><\/p>\n","protected":false},"excerpt":{"rendered":"<p>Rojin Kabai\u015f dosyas\u0131 art\u0131k sadece bir adli vaka de\u011fil. Bu mesele, bir \u015fehrin suskunlu\u011fu ile vicdan\u0131 aras\u0131nda s\u0131k\u0131\u015fm\u0131\u015f bir hakikat meselesidir. Ve bu suskunlu\u011fun ortas\u0131nda konu\u015fan tek bir ses var: Bir baba\u2026 Nizamettin Kabai\u015f. 25 kez Van\u2019a gelip gitmi\u015f. \u0130ki y\u0131ld\u0131r ayn\u0131 sorunun pe\u015finde: \u2018K\u0131z\u0131m\u0131n ba\u015f\u0131na ne geldi?\u2019 Van\u2019da garip bir durum var. Herkes bir [&hellip;]<\/p>\n","protected":false},"author":3,"featured_media":113112,"comment_status":"open","ping_status":"open","sticky":false,"template":"","format":"standard","meta":{"footnotes":""},"categories":[24],"tags":[],"class_list":["post-113270","post","type-post","status-publish","format-standard","has-post-thumbnail","hentry","category-yazarlar"],"_links":{"self":[{"href":"https:\/\/mardinhaberyolu.com\/index.php?rest_route=\/wp\/v2\/posts\/113270","targetHints":{"allow":["GET"]}}],"collection":[{"href":"https:\/\/mardinhaberyolu.com\/index.php?rest_route=\/wp\/v2\/posts"}],"about":[{"href":"https:\/\/mardinhaberyolu.com\/index.php?rest_route=\/wp\/v2\/types\/post"}],"author":[{"embeddable":true,"href":"https:\/\/mardinhaberyolu.com\/index.php?rest_route=\/wp\/v2\/users\/3"}],"replies":[{"embeddable":true,"href":"https:\/\/mardinhaberyolu.com\/index.php?rest_route=%2Fwp%2Fv2%2Fcomments&post=113270"}],"version-history":[{"count":1,"href":"https:\/\/mardinhaberyolu.com\/index.php?rest_route=\/wp\/v2\/posts\/113270\/revisions"}],"predecessor-version":[{"id":113271,"href":"https:\/\/mardinhaberyolu.com\/index.php?rest_route=\/wp\/v2\/posts\/113270\/revisions\/113271"}],"wp:featuredmedia":[{"embeddable":true,"href":"https:\/\/mardinhaberyolu.com\/index.php?rest_route=\/wp\/v2\/media\/113112"}],"wp:attachment":[{"href":"https:\/\/mardinhaberyolu.com\/index.php?rest_route=%2Fwp%2Fv2%2Fmedia&parent=113270"}],"wp:term":[{"taxonomy":"category","embeddable":true,"href":"https:\/\/mardinhaberyolu.com\/index.php?rest_route=%2Fwp%2Fv2%2Fcategories&post=113270"},{"taxonomy":"post_tag","embeddable":true,"href":"https:\/\/mardinhaberyolu.com\/index.php?rest_route=%2Fwp%2Fv2%2Ftags&post=113270"}],"curies":[{"name":"wp","href":"https:\/\/api.w.org\/{rel}","templated":true}]}}