{"id":113264,"date":"2026-04-25T14:59:38","date_gmt":"2026-04-25T14:59:38","guid":{"rendered":"https:\/\/mardinhaberyolu.com\/?p=113264"},"modified":"2026-04-25T14:59:38","modified_gmt":"2026-04-25T14:59:38","slug":"mardin-buyuksehir-belediyesi-asfalt-ve-yol-yenileme-seferberligi-baslatti","status":"publish","type":"post","link":"https:\/\/mardinhaberyolu.com\/?p=113264","title":{"rendered":"Mardin B\u00fcy\u00fck\u015fehir Belediyesi, Asfalt ve Yol Yenileme Seferberli\u011fi Ba\u015flatt\u0131"},"content":{"rendered":"<p>Mardin B\u00fcy\u00fck\u015fehir Belediyesi Fen \u0130\u015fleri Daire Ba\u015fkanl\u0131\u011f\u0131, \u015fehir genelinde olumsuz hava ko\u015fullar\u0131n\u0131n yollarda olu\u015fturdu\u011fu tahribat\u0131 gidermek amac\u0131yla, hava \u015fartlar\u0131n\u0131n elveri\u015fli hale gelmesiyle birlikte ula\u015f\u0131m g\u00fcvenli\u011fini art\u0131rmak ve yol kalitesini y\u00fckseltmek i\u00e7in asfaltlama ile bak\u0131m-onar\u0131m \u00e7al\u0131\u015fmalar\u0131n\u0131 h\u0131zland\u0131rd\u0131.<\/p>\n<p>Mardin Valisi ve B\u00fcy\u00fck\u015fehir Belediye Ba\u015fkan Vekili Tuncay Akkoyun\u2019un talimatlar\u0131yla y\u00fcr\u00fct\u00fclen \u00e7al\u0131\u015fmalar kapsam\u0131nda, merkez Artuklu il\u00e7esinde ya\u011f\u0131\u015f ve s\u0131cakl\u0131k de\u011fi\u015fimlerinin ard\u0131ndan yollarda olu\u015fan tahribat\u0131n giderilmesi i\u00e7in farkl\u0131 noktalarda asfaltlama \u00e7al\u0131\u015fmalar\u0131 s\u00fcrd\u00fcr\u00fcl\u00fcyor.<\/p>\n<p>Y\u00fcr\u00fct\u00fclen planl\u0131 \u00e7al\u0131\u015fma program\u0131 do\u011frultusunda PTT Caddesi\u2019nde ba\u015flat\u0131lan bit\u00fcml\u00fc s\u0131cak asfalt (BSK) serim \u00e7al\u0131\u015fmas\u0131 tamamland\u0131.<\/p>\n<p>Mardin B\u00fcy\u00fck\u015fehir Belediyesi Fen \u0130\u015fleri Daire Ba\u015fkan\u0131 Muhammed Ali G\u00fcnen\u00e7, yapt\u0131\u011f\u0131 a\u00e7\u0131klamada \u015fehir ula\u015f\u0131m altyap\u0131s\u0131n\u0131 daha g\u00fcvenli, konforlu ve modern bir hale getirmek amac\u0131yla \u00e7al\u0131\u015fmalar\u0131n planl\u0131 bir \u015fekilde devam etti\u011fini belirtti.<\/p>\n<p>Ekiplerin sahada belirlenen program \u00e7er\u00e7evesinde gece g\u00fcnd\u00fcz demeden \u00f6zveriyle \u00e7al\u0131\u015ft\u0131\u011f\u0131n\u0131 dile getiren G\u00fcnen\u00e7, \u201cDaha ya\u015fanabilir bir \u015fehir i\u00e7in \u00e7al\u0131\u015fmalar\u0131m\u0131za kararl\u0131l\u0131kla devam edece\u011fimizi kamuoyuna sayg\u0131yla duyuruyoruz.\u201d dedi.<\/p>\n<p><img fetchpriority=\"high\" decoding=\"async\" class=\"alignnone size-medium wp-image-113266\" src=\"https:\/\/mardinhaberyolu.com\/wp-content\/uploads\/2026\/04\/IMG-20260425-WA0023-300x200.jpg\" alt=\"\" width=\"300\" height=\"200\" srcset=\"https:\/\/mardinhaberyolu.com\/wp-content\/uploads\/2026\/04\/IMG-20260425-WA0023-300x200.jpg 300w, https:\/\/mardinhaberyolu.com\/wp-content\/uploads\/2026\/04\/IMG-20260425-WA0023-1024x683.jpg 1024w, https:\/\/mardinhaberyolu.com\/wp-content\/uploads\/2026\/04\/IMG-20260425-WA0023-768x512.jpg 768w, https:\/\/mardinhaberyolu.com\/wp-content\/uploads\/2026\/04\/IMG-20260425-WA0023-1536x1024.jpg 1536w, https:\/\/mardinhaberyolu.com\/wp-content\/uploads\/2026\/04\/IMG-20260425-WA0023.jpg 1620w\" sizes=\"(max-width: 300px) 100vw, 300px\" \/> <img decoding=\"async\" class=\"alignnone size-medium wp-image-113267\" src=\"https:\/\/mardinhaberyolu.com\/wp-content\/uploads\/2026\/04\/IMG-20260425-WA0024-300x200.jpg\" alt=\"\" width=\"300\" height=\"200\" srcset=\"https:\/\/mardinhaberyolu.com\/wp-content\/uploads\/2026\/04\/IMG-20260425-WA0024-300x200.jpg 300w, https:\/\/mardinhaberyolu.com\/wp-content\/uploads\/2026\/04\/IMG-20260425-WA0024-1024x683.jpg 1024w, https:\/\/mardinhaberyolu.com\/wp-content\/uploads\/2026\/04\/IMG-20260425-WA0024-768x512.jpg 768w, https:\/\/mardinhaberyolu.com\/wp-content\/uploads\/2026\/04\/IMG-20260425-WA0024-1536x1024.jpg 1536w, https:\/\/mardinhaberyolu.com\/wp-content\/uploads\/2026\/04\/IMG-20260425-WA0024.jpg 1620w\" sizes=\"(max-width: 300px) 100vw, 300px\" \/><\/p>\n","protected":false},"excerpt":{"rendered":"<p>Mardin B\u00fcy\u00fck\u015fehir Belediyesi, \u015fehir genelindeki yollar\u0131 daha dayan\u0131kl\u0131 ve konforlu hale getirmek i\u00e7in \u00e7al\u0131\u015fmalar\u0131n\u0131 h\u0131zland\u0131rd\u0131.<\/p>\n","protected":false},"author":1,"featured_media":113265,"comment_status":"open","ping_status":"open","sticky":false,"template":"","format":"standard","meta":{"footnotes":""},"categories":[3,4,9,18,30,27],"tags":[],"class_list":["post-113264","post","type-post","status-publish","format-standard","has-post-thumbnail","hentry","category-guncel","category-manset","category-mardin","category-toplumsal-yasam-gundem","category-ust-manset","category-yerel-siyaset"],"_links":{"self":[{"href":"https:\/\/mardinhaberyolu.com\/index.php?rest_route=\/wp\/v2\/posts\/113264","targetHints":{"allow":["GET"]}}],"collection":[{"href":"https:\/\/mardinhaberyolu.com\/index.php?rest_route=\/wp\/v2\/posts"}],"about":[{"href":"https:\/\/mardinhaberyolu.com\/index.php?rest_route=\/wp\/v2\/types\/post"}],"author":[{"embeddable":true,"href":"https:\/\/mardinhaberyolu.com\/index.php?rest_route=\/wp\/v2\/users\/1"}],"replies":[{"embeddable":true,"href":"https:\/\/mardinhaberyolu.com\/index.php?rest_route=%2Fwp%2Fv2%2Fcomments&post=113264"}],"version-history":[{"count":1,"href":"https:\/\/mardinhaberyolu.com\/index.php?rest_route=\/wp\/v2\/posts\/113264\/revisions"}],"predecessor-version":[{"id":113268,"href":"https:\/\/mardinhaberyolu.com\/index.php?rest_route=\/wp\/v2\/posts\/113264\/revisions\/113268"}],"wp:featuredmedia":[{"embeddable":true,"href":"https:\/\/mardinhaberyolu.com\/index.php?rest_route=\/wp\/v2\/media\/113265"}],"wp:attachment":[{"href":"https:\/\/mardinhaberyolu.com\/index.php?rest_route=%2Fwp%2Fv2%2Fmedia&parent=113264"}],"wp:term":[{"taxonomy":"category","embeddable":true,"href":"https:\/\/mardinhaberyolu.com\/index.php?rest_route=%2Fwp%2Fv2%2Fcategories&post=113264"},{"taxonomy":"post_tag","embeddable":true,"href":"https:\/\/mardinhaberyolu.com\/index.php?rest_route=%2Fwp%2Fv2%2Ftags&post=113264"}],"curies":[{"name":"wp","href":"https:\/\/api.w.org\/{rel}","templated":true}]}}