{"id":113260,"date":"2026-04-24T16:44:55","date_gmt":"2026-04-24T16:44:55","guid":{"rendered":"https:\/\/mardinhaberyolu.com\/?p=113260"},"modified":"2026-04-24T16:44:55","modified_gmt":"2026-04-24T16:44:55","slug":"mardinde-yerel-kalkinma-hamlesi-bilgilendirme-toplantisi-duzenlendi","status":"publish","type":"post","link":"https:\/\/mardinhaberyolu.com\/?p=113260","title":{"rendered":"Mardin\u2019de \u201cYerel Kalk\u0131nma Hamlesi\u201d bilgilendirme toplant\u0131s\u0131 d\u00fczenlendi"},"content":{"rendered":"<p>&nbsp;<\/p>\n<p>Dicle Kalk\u0131nma Ajans\u0131 (D\u0130KA) ev sahipli\u011finde, Mardin Ticaret ve Sanayi Odas\u0131 (MTSO) i\u015f birli\u011fiyle d\u00fczenlenen toplant\u0131da, program\u0131n kapsam\u0131, ba\u015fvuru s\u00fcre\u00e7leri ve sa\u011flanan destekler kat\u0131l\u0131mc\u0131lara anlat\u0131ld\u0131. D\u0130KA toplant\u0131 salonunda d\u00fczenlenen programa, MTSO Y\u00f6netim Kurulu Ba\u015fkan\u0131 Hatip \u00c7elik, D\u0130KA Genel Sekreteri Aykut Ani\u00e7, MTSO Genel Sekreteri \u00c7etin Sasa, oda meclis \u00fcyeleri ve i\u015f insanlar\u0131 kat\u0131ld\u0131.<\/p>\n<p><img fetchpriority=\"high\" decoding=\"async\" class=\"alignnone size-medium wp-image-113262\" src=\"https:\/\/mardinhaberyolu.com\/wp-content\/uploads\/2026\/04\/2-4-300x199.jpg\" alt=\"\" width=\"300\" height=\"199\" srcset=\"https:\/\/mardinhaberyolu.com\/wp-content\/uploads\/2026\/04\/2-4-300x199.jpg 300w, https:\/\/mardinhaberyolu.com\/wp-content\/uploads\/2026\/04\/2-4-1024x678.jpg 1024w, https:\/\/mardinhaberyolu.com\/wp-content\/uploads\/2026\/04\/2-4-768x509.jpg 768w, https:\/\/mardinhaberyolu.com\/wp-content\/uploads\/2026\/04\/2-4-1536x1017.jpg 1536w, https:\/\/mardinhaberyolu.com\/wp-content\/uploads\/2026\/04\/2-4-2048x1356.jpg 2048w\" sizes=\"(max-width: 300px) 100vw, 300px\" \/><\/p>\n<p>Toplant\u0131n\u0131n a\u00e7\u0131l\u0131\u015f\u0131nda konu\u015fan \u00c7elik, program\u0131n b\u00f6lgenin ekonomik geli\u015fimi a\u00e7\u0131s\u0131ndan \u00f6nemli bir f\u0131rsat sundu\u011funu belirterek, yerel potansiyelin harekete ge\u00e7irilmesi, \u00fcretimin art\u0131r\u0131lmas\u0131 ve s\u00fcrd\u00fcr\u00fclebilir kalk\u0131nman\u0131n sa\u011flanmas\u0131n\u0131n hedeflendi\u011fini s\u00f6yledi. Yerelden g\u00fc\u00e7 alan kalk\u0131nma anlay\u0131\u015f\u0131yla haz\u0131rlanan program\u0131n illerin kendi dinamikleri do\u011frultusunda geli\u015fimini destekledi\u011fini ifade eden \u00c7elik, bu t\u00fcr bilgilendirme toplant\u0131lar\u0131n\u0131n program\u0131n sahada etkin uygulanmas\u0131na katk\u0131 sa\u011flad\u0131\u011f\u0131n\u0131 kaydetti.<\/p>\n<p>Mardin\u2019in sahip oldu\u011fu tarihi, k\u00fclt\u00fcrel ve co\u011frafi avantajlar\u0131n yat\u0131r\u0131m ve \u00fcretim a\u00e7\u0131s\u0131ndan \u00f6nemli f\u0131rsatlar sundu\u011funu dile getiren \u00c7elik, te\u015fvik ve desteklerin ilin ekonomik yap\u0131s\u0131n\u0131 g\u00fc\u00e7lendirece\u011fine, yeni yat\u0131r\u0131m alanlar\u0131 olu\u015fturaca\u011f\u0131na ve istihdam\u0131 art\u0131raca\u011f\u0131na inand\u0131klar\u0131n\u0131 belirtti. \u00c7elik, Mardin Ticaret ve Sanayi Odas\u0131 olarak \u00fcyelerin ve yat\u0131r\u0131mc\u0131lar\u0131n s\u00f6z konusu f\u0131rsatlardan en iyi \u015fekilde yararlanmas\u0131 i\u00e7in \u00e7al\u0131\u015fmalar\u0131n\u0131 s\u00fcrd\u00fcreceklerini ifade etti.<\/p>\n<p>Konu\u015fmalar\u0131n ard\u0131ndan kat\u0131l\u0131mc\u0131lara \u201cYerel Kalk\u0131nma Hamlesi\u201d program\u0131na ili\u015fkin sunum yap\u0131ld\u0131.<\/p>\n","protected":false},"excerpt":{"rendered":"<p>Sanayi ve Teknoloji Bakanl\u0131\u011f\u0131 koordinasyonunda y\u00fcr\u00fct\u00fclen \u201cYerel Kalk\u0131nma Hamlesi Te\u015fvik Program\u0131 2026 Y\u0131l\u0131 \u00c7a\u011fr\u0131s\u0131\u201d kapsam\u0131nda Mardin\u2019de bilgilendirme toplant\u0131s\u0131 ger\u00e7ekle\u015ftirildi.<\/p>\n","protected":false},"author":1,"featured_media":113261,"comment_status":"open","ping_status":"open","sticky":false,"template":"","format":"standard","meta":{"footnotes":""},"categories":[6,4,9,30],"tags":[],"class_list":["post-113260","post","type-post","status-publish","format-standard","has-post-thumbnail","hentry","category-ekonomi","category-manset","category-mardin","category-ust-manset"],"_links":{"self":[{"href":"https:\/\/mardinhaberyolu.com\/index.php?rest_route=\/wp\/v2\/posts\/113260","targetHints":{"allow":["GET"]}}],"collection":[{"href":"https:\/\/mardinhaberyolu.com\/index.php?rest_route=\/wp\/v2\/posts"}],"about":[{"href":"https:\/\/mardinhaberyolu.com\/index.php?rest_route=\/wp\/v2\/types\/post"}],"author":[{"embeddable":true,"href":"https:\/\/mardinhaberyolu.com\/index.php?rest_route=\/wp\/v2\/users\/1"}],"replies":[{"embeddable":true,"href":"https:\/\/mardinhaberyolu.com\/index.php?rest_route=%2Fwp%2Fv2%2Fcomments&post=113260"}],"version-history":[{"count":1,"href":"https:\/\/mardinhaberyolu.com\/index.php?rest_route=\/wp\/v2\/posts\/113260\/revisions"}],"predecessor-version":[{"id":113263,"href":"https:\/\/mardinhaberyolu.com\/index.php?rest_route=\/wp\/v2\/posts\/113260\/revisions\/113263"}],"wp:featuredmedia":[{"embeddable":true,"href":"https:\/\/mardinhaberyolu.com\/index.php?rest_route=\/wp\/v2\/media\/113261"}],"wp:attachment":[{"href":"https:\/\/mardinhaberyolu.com\/index.php?rest_route=%2Fwp%2Fv2%2Fmedia&parent=113260"}],"wp:term":[{"taxonomy":"category","embeddable":true,"href":"https:\/\/mardinhaberyolu.com\/index.php?rest_route=%2Fwp%2Fv2%2Fcategories&post=113260"},{"taxonomy":"post_tag","embeddable":true,"href":"https:\/\/mardinhaberyolu.com\/index.php?rest_route=%2Fwp%2Fv2%2Ftags&post=113260"}],"curies":[{"name":"wp","href":"https:\/\/api.w.org\/{rel}","templated":true}]}}