{"id":113256,"date":"2026-04-24T16:29:34","date_gmt":"2026-04-24T16:29:34","guid":{"rendered":"https:\/\/mardinhaberyolu.com\/?p=113256"},"modified":"2026-04-24T16:29:34","modified_gmt":"2026-04-24T16:29:34","slug":"losevden-ggcye-ziyaret","status":"publish","type":"post","link":"https:\/\/mardinhaberyolu.com\/?p=113256","title":{"rendered":"L\u00d6SEV\u2019den GGC\u2019ye ziyaret"},"content":{"rendered":"<p>GGC Aziz Korkmaz Yerle\u015fkesi\u2019nde ger\u00e7ekle\u015fen ziyarette L\u00d6SEV yetkililerini GGC Ba\u015fkan\u0131 Felat Bozarslan kar\u015f\u0131lad\u0131. Samimi bir atmosferde ge\u00e7en g\u00f6r\u00fc\u015fmede, L\u00d6SEV\u2019in Diyarbak\u0131r\u2019da y\u00fcr\u00fctt\u00fc\u011f\u00fc \u00e7al\u0131\u015fmalar, l\u00f6semiyle m\u00fccadele eden \u00e7ocuklara ve ailelerine y\u00f6nelik destek faaliyetleri ile kentteki sosyal sorumluluk projeleri ele al\u0131nd\u0131.<\/p>\n<p>L\u00d6SEV yetkilileri, \u00f6zellikle hasta ve ailelerine y\u00f6nelik psikososyal destek, e\u011fitim olanaklar\u0131 ve fark\u0131ndal\u0131k kampanyalar\u0131na ili\u015fkin bilgi payla\u015f\u0131m\u0131nda bulunarak, bu \u00e7al\u0131\u015fmalar\u0131n daha geni\u015f kitlelere ula\u015ft\u0131r\u0131lmas\u0131nda medyan\u0131n rol\u00fcne dikkat \u00e7ekti. GGC Ba\u015fkan\u0131 Felat Bozarslan ise yerel bas\u0131n\u0131n toplumsal konularda sorumluluk \u00fcstlendi\u011fini belirterek, L\u00d6SEV\u2019in y\u00fcr\u00fctt\u00fc\u011f\u00fc faaliyetlerin g\u00f6r\u00fcn\u00fcrl\u00fc\u011f\u00fcn\u00fc art\u0131rmaya y\u00f6nelik her t\u00fcrl\u00fc i\u015f birli\u011fine a\u00e7\u0131k olduklar\u0131n\u0131 ifade etti.<\/p>\n<p>G\u00f6r\u00fc\u015fmede ayr\u0131ca, iki kurum aras\u0131nda ortak projeler geli\u015ftirilmesi, fark\u0131ndal\u0131k kampanyalar\u0131n\u0131n daha etkili y\u00fcr\u00fct\u00fclmesi ve kamuoyunun bilin\u00e7lendirilmesine y\u00f6nelik ileti\u015fim stratejileri \u00fczerine kar\u015f\u0131l\u0131kl\u0131 fikir al\u0131\u015fveri\u015finde bulunuldu.<\/p>\n<p>Ziyaret, g\u00fcn\u00fcn an\u0131s\u0131na \u00e7ekilen hat\u0131ra foto\u011fraf\u0131yla sona erdi.<\/p>\n","protected":false},"excerpt":{"rendered":"<p>L\u00f6semili \u00c7ocuklar Sa\u011fl\u0131k ve E\u011fitim Vakf\u0131 (L\u00d6SEV) Diyarbak\u0131r \u0130l Sorumlusu Bar\u0131\u015f Uzala ile Diyarbak\u0131r Halkla \u0130li\u015fkiler Sorumlusu Dilara \u00d6zen, G\u00fcneydo\u011fu Gazeteciler Cemiyeti\u2019ni (GGC) ziyaret etti.<\/p>\n","protected":false},"author":1,"featured_media":113257,"comment_status":"open","ping_status":"open","sticky":false,"template":"","format":"standard","meta":{"footnotes":""},"categories":[20,3,4,9,30],"tags":[],"class_list":["post-113256","post","type-post","status-publish","format-standard","has-post-thumbnail","hentry","category-basin","category-guncel","category-manset","category-mardin","category-ust-manset"],"_links":{"self":[{"href":"https:\/\/mardinhaberyolu.com\/index.php?rest_route=\/wp\/v2\/posts\/113256","targetHints":{"allow":["GET"]}}],"collection":[{"href":"https:\/\/mardinhaberyolu.com\/index.php?rest_route=\/wp\/v2\/posts"}],"about":[{"href":"https:\/\/mardinhaberyolu.com\/index.php?rest_route=\/wp\/v2\/types\/post"}],"author":[{"embeddable":true,"href":"https:\/\/mardinhaberyolu.com\/index.php?rest_route=\/wp\/v2\/users\/1"}],"replies":[{"embeddable":true,"href":"https:\/\/mardinhaberyolu.com\/index.php?rest_route=%2Fwp%2Fv2%2Fcomments&post=113256"}],"version-history":[{"count":1,"href":"https:\/\/mardinhaberyolu.com\/index.php?rest_route=\/wp\/v2\/posts\/113256\/revisions"}],"predecessor-version":[{"id":113258,"href":"https:\/\/mardinhaberyolu.com\/index.php?rest_route=\/wp\/v2\/posts\/113256\/revisions\/113258"}],"wp:featuredmedia":[{"embeddable":true,"href":"https:\/\/mardinhaberyolu.com\/index.php?rest_route=\/wp\/v2\/media\/113257"}],"wp:attachment":[{"href":"https:\/\/mardinhaberyolu.com\/index.php?rest_route=%2Fwp%2Fv2%2Fmedia&parent=113256"}],"wp:term":[{"taxonomy":"category","embeddable":true,"href":"https:\/\/mardinhaberyolu.com\/index.php?rest_route=%2Fwp%2Fv2%2Fcategories&post=113256"},{"taxonomy":"post_tag","embeddable":true,"href":"https:\/\/mardinhaberyolu.com\/index.php?rest_route=%2Fwp%2Fv2%2Ftags&post=113256"}],"curies":[{"name":"wp","href":"https:\/\/api.w.org\/{rel}","templated":true}]}}