{"id":113253,"date":"2026-04-24T09:34:47","date_gmt":"2026-04-24T09:34:47","guid":{"rendered":"https:\/\/mardinhaberyolu.com\/?p=113253"},"modified":"2026-04-24T09:34:47","modified_gmt":"2026-04-24T09:34:47","slug":"mardin-hayvan-bakimevinde-basarili-operasyon-1-kiloluk-tumor-alindi","status":"publish","type":"post","link":"https:\/\/mardinhaberyolu.com\/?p=113253","title":{"rendered":"Mardin Hayvan Bak\u0131mevi\u2019nde Ba\u015far\u0131l\u0131 Operasyon, 1 Kiloluk T\u00fcm\u00f6r Al\u0131nd\u0131"},"content":{"rendered":"<p>Bak\u0131mevinde koruma alt\u0131nda bulunan di\u015fi bir k\u00f6pe\u011fin meme b\u00f6lgesinde tespit edilen b\u00fcy\u00fck boyutlu t\u00fcm\u00f6r, veteriner hekimler taraf\u0131ndan ba\u015far\u0131yla al\u0131nd\u0131.<\/p>\n<p>Yakla\u015f\u0131k 1 saat s\u00fcren cerrahi m\u00fcdahale s\u0131ras\u0131nda, k\u00f6pe\u011fin ya\u015fam kalitesini olumsuz etkileyen ve hareket kabiliyetini k\u0131s\u0131tlayan yakla\u015f\u0131k 1 kilogram a\u011f\u0131rl\u0131\u011f\u0131ndaki kitle, \u00e7evre dokulara zarar verilmeden titizlikle \u00e7\u0131kar\u0131ld\u0131. Operasyon boyunca ve sonras\u0131nda herhangi bir komplikasyon ya\u015fanmamas\u0131 ad\u0131na t\u00fcm teknik imk\u00e2nlar\u0131n seferber edildi\u011fi belirtildi.<\/p>\n<p>Ameliyat\u0131n ard\u0131ndan m\u00fc\u015fahede alt\u0131na al\u0131nan k\u00f6pe\u011fin genel sa\u011fl\u0131k durumunun iyi oldu\u011fu ve h\u0131zl\u0131 bir iyile\u015fme s\u00fcrecine girdi\u011fi bildirildi. Ameliyat sonras\u0131 bak\u0131m ve pansumanlar\u0131n bak\u0131mevi personeli taraf\u0131ndan d\u00fczenli olarak takip edildi\u011fi ifade edildi.<\/p>\n<p>Yetkililer, Mardin Hayvan Bak\u0131mevi\u2019nin yaln\u0131zca bir bar\u0131nak de\u011fil, ayn\u0131 zamanda tam donan\u0131ml\u0131 bir tedavi ve rehabilitasyon merkezi olma yolunda ilerledi\u011fini vurgulayarak, sahipsiz hayvanlar\u0131n tedavi edilmesi ve refahlar\u0131n\u0131n art\u0131r\u0131lmas\u0131 y\u00f6n\u00fcndeki \u00e7al\u0131\u015fmalar\u0131n aral\u0131ks\u0131z s\u00fcrece\u011fini kaydetti.<\/p>\n","protected":false},"excerpt":{"rendered":"<p>Mardin B\u00fcy\u00fck\u015fehir Belediyesi Sa\u011fl\u0131k \u0130\u015fleri Daire Ba\u015fkanl\u0131\u011f\u0131na ba\u011fl\u0131 Mardin Hayvan Bak\u0131mevi, sahipsiz hayvanlar\u0131n sa\u011fl\u0131\u011f\u0131 i\u00e7in y\u00fcr\u00fctt\u00fc\u011f\u00fc \u00e7al\u0131\u015fmalar kapsam\u0131nda \u00f6nemli bir operasyona daha imza att\u0131.<\/p>\n","protected":false},"author":1,"featured_media":113254,"comment_status":"open","ping_status":"open","sticky":false,"template":"","format":"standard","meta":{"footnotes":""},"categories":[14,3,4,9,30],"tags":[],"class_list":["post-113253","post","type-post","status-publish","format-standard","has-post-thumbnail","hentry","category-genel","category-guncel","category-manset","category-mardin","category-ust-manset"],"_links":{"self":[{"href":"https:\/\/mardinhaberyolu.com\/index.php?rest_route=\/wp\/v2\/posts\/113253","targetHints":{"allow":["GET"]}}],"collection":[{"href":"https:\/\/mardinhaberyolu.com\/index.php?rest_route=\/wp\/v2\/posts"}],"about":[{"href":"https:\/\/mardinhaberyolu.com\/index.php?rest_route=\/wp\/v2\/types\/post"}],"author":[{"embeddable":true,"href":"https:\/\/mardinhaberyolu.com\/index.php?rest_route=\/wp\/v2\/users\/1"}],"replies":[{"embeddable":true,"href":"https:\/\/mardinhaberyolu.com\/index.php?rest_route=%2Fwp%2Fv2%2Fcomments&post=113253"}],"version-history":[{"count":1,"href":"https:\/\/mardinhaberyolu.com\/index.php?rest_route=\/wp\/v2\/posts\/113253\/revisions"}],"predecessor-version":[{"id":113255,"href":"https:\/\/mardinhaberyolu.com\/index.php?rest_route=\/wp\/v2\/posts\/113253\/revisions\/113255"}],"wp:featuredmedia":[{"embeddable":true,"href":"https:\/\/mardinhaberyolu.com\/index.php?rest_route=\/wp\/v2\/media\/113254"}],"wp:attachment":[{"href":"https:\/\/mardinhaberyolu.com\/index.php?rest_route=%2Fwp%2Fv2%2Fmedia&parent=113253"}],"wp:term":[{"taxonomy":"category","embeddable":true,"href":"https:\/\/mardinhaberyolu.com\/index.php?rest_route=%2Fwp%2Fv2%2Fcategories&post=113253"},{"taxonomy":"post_tag","embeddable":true,"href":"https:\/\/mardinhaberyolu.com\/index.php?rest_route=%2Fwp%2Fv2%2Ftags&post=113253"}],"curies":[{"name":"wp","href":"https:\/\/api.w.org\/{rel}","templated":true}]}}