{"id":113246,"date":"2026-04-24T06:49:11","date_gmt":"2026-04-24T06:49:11","guid":{"rendered":"https:\/\/mardinhaberyolu.com\/?p=113246"},"modified":"2026-04-24T06:49:11","modified_gmt":"2026-04-24T06:49:11","slug":"mardin-onderden-ogretmenlere-karanfil-takdimi","status":"publish","type":"post","link":"https:\/\/mardinhaberyolu.com\/?p=113246","title":{"rendered":"Mardin \u00d6nder&#8217;den \u00d6\u011fretmenlere Karanfil Takdimi"},"content":{"rendered":"<p>Program, Kahramanmara\u015f\u2019ta ya\u015fanan elim hadisede hayat\u0131n\u0131 kaybeden \u00f6\u011fretmen ve \u00f6\u011frencilerin ac\u0131s\u0131n\u0131 payla\u015fmak ve de\u011ferli \u00f6\u011fretmenlere destek olmak amac\u0131yla ger\u00e7ekle\u015ftirildi. Ziyarette \u00f6\u011fretmenlere tek tek karanfiller takdim edildi.<\/p>\n<p><img fetchpriority=\"high\" decoding=\"async\" class=\"alignnone size-medium wp-image-113251\" src=\"https:\/\/mardinhaberyolu.com\/wp-content\/uploads\/2026\/04\/IMG-20260424-WA0022-225x300.jpg\" alt=\"\" width=\"225\" height=\"300\" srcset=\"https:\/\/mardinhaberyolu.com\/wp-content\/uploads\/2026\/04\/IMG-20260424-WA0022-225x300.jpg 225w, https:\/\/mardinhaberyolu.com\/wp-content\/uploads\/2026\/04\/IMG-20260424-WA0022-768x1024.jpg 768w, https:\/\/mardinhaberyolu.com\/wp-content\/uploads\/2026\/04\/IMG-20260424-WA0022-1152x1536.jpg 1152w, https:\/\/mardinhaberyolu.com\/wp-content\/uploads\/2026\/04\/IMG-20260424-WA0022-1536x2048.jpg 1536w, https:\/\/mardinhaberyolu.com\/wp-content\/uploads\/2026\/04\/IMG-20260424-WA0022-scaled.jpg 1920w\" sizes=\"(max-width: 225px) 100vw, 225px\" \/><\/p>\n<p>Yap\u0131lan a\u00e7\u0131klamada bu t\u00fcr ac\u0131 verici olaylar\u0131n bir daha ya\u015fanmamas\u0131 temenni edildi. \u00d6\u011fretmenlerin tek amac\u0131n\u0131n insan yeti\u015ftirmek oldu\u011fu vurgulanarak, ne olursa olsun kendilerinin en b\u00fcy\u00fck deste\u011fi hak ettikleri belirtildi. Mardin \u00d6nder \u0130mam Hatipliler Derne\u011fi\u2019nin bu anlaml\u0131 ziyareti, \u00f6\u011fretmenlere moral ve destek vermeyi ama\u00e7larken ayn\u0131 zamanda toplumun e\u011fitimcilerine duydu\u011fu minneti bir kez daha ortaya koydu.<\/p>\n<p><img decoding=\"async\" class=\"alignnone size-medium wp-image-113248\" src=\"https:\/\/mardinhaberyolu.com\/wp-content\/uploads\/2026\/04\/IMG-20260424-WA0018-300x225.jpg\" alt=\"\" width=\"300\" height=\"225\" srcset=\"https:\/\/mardinhaberyolu.com\/wp-content\/uploads\/2026\/04\/IMG-20260424-WA0018-300x225.jpg 300w, https:\/\/mardinhaberyolu.com\/wp-content\/uploads\/2026\/04\/IMG-20260424-WA0018-1024x768.jpg 1024w, https:\/\/mardinhaberyolu.com\/wp-content\/uploads\/2026\/04\/IMG-20260424-WA0018-768x576.jpg 768w, https:\/\/mardinhaberyolu.com\/wp-content\/uploads\/2026\/04\/IMG-20260424-WA0018-1536x1152.jpg 1536w, https:\/\/mardinhaberyolu.com\/wp-content\/uploads\/2026\/04\/IMG-20260424-WA0018-2048x1536.jpg 2048w\" sizes=\"(max-width: 300px) 100vw, 300px\" \/> <img decoding=\"async\" class=\"alignnone size-medium wp-image-113249\" src=\"https:\/\/mardinhaberyolu.com\/wp-content\/uploads\/2026\/04\/IMG-20260424-WA0019-225x300.jpg\" alt=\"\" width=\"225\" height=\"300\" srcset=\"https:\/\/mardinhaberyolu.com\/wp-content\/uploads\/2026\/04\/IMG-20260424-WA0019-225x300.jpg 225w, https:\/\/mardinhaberyolu.com\/wp-content\/uploads\/2026\/04\/IMG-20260424-WA0019-768x1024.jpg 768w, https:\/\/mardinhaberyolu.com\/wp-content\/uploads\/2026\/04\/IMG-20260424-WA0019-1152x1536.jpg 1152w, https:\/\/mardinhaberyolu.com\/wp-content\/uploads\/2026\/04\/IMG-20260424-WA0019-1536x2048.jpg 1536w, https:\/\/mardinhaberyolu.com\/wp-content\/uploads\/2026\/04\/IMG-20260424-WA0019-scaled.jpg 1920w\" sizes=\"(max-width: 225px) 100vw, 225px\" \/> <img loading=\"lazy\" decoding=\"async\" class=\"alignnone size-medium wp-image-113250\" src=\"https:\/\/mardinhaberyolu.com\/wp-content\/uploads\/2026\/04\/IMG-20260424-WA0020-300x225.jpg\" alt=\"\" width=\"300\" height=\"225\" srcset=\"https:\/\/mardinhaberyolu.com\/wp-content\/uploads\/2026\/04\/IMG-20260424-WA0020-300x225.jpg 300w, https:\/\/mardinhaberyolu.com\/wp-content\/uploads\/2026\/04\/IMG-20260424-WA0020-1024x768.jpg 1024w, https:\/\/mardinhaberyolu.com\/wp-content\/uploads\/2026\/04\/IMG-20260424-WA0020-768x576.jpg 768w, https:\/\/mardinhaberyolu.com\/wp-content\/uploads\/2026\/04\/IMG-20260424-WA0020-1536x1152.jpg 1536w, https:\/\/mardinhaberyolu.com\/wp-content\/uploads\/2026\/04\/IMG-20260424-WA0020-2048x1536.jpg 2048w\" sizes=\"(max-width: 300px) 100vw, 300px\" \/><\/p>\n","protected":false},"excerpt":{"rendered":"<p>Mardin \u00d6nder \u0130mam Hatipliler Derne\u011fi, Artuklu Anadolu \u0130mam Hatip Lisesi ve Yeni\u015fehir \u0130mam Hatip Ortaokulu\u2019nu ziyaret ederek \u00f6\u011fretmen ve idarecilere karanfil da\u011f\u0131tt\u0131.<\/p>\n","protected":false},"author":1,"featured_media":113247,"comment_status":"open","ping_status":"open","sticky":false,"template":"","format":"standard","meta":{"footnotes":""},"categories":[16,3,4,9,18,30],"tags":[],"class_list":["post-113246","post","type-post","status-publish","format-standard","has-post-thumbnail","hentry","category-egitim","category-guncel","category-manset","category-mardin","category-toplumsal-yasam-gundem","category-ust-manset"],"_links":{"self":[{"href":"https:\/\/mardinhaberyolu.com\/index.php?rest_route=\/wp\/v2\/posts\/113246","targetHints":{"allow":["GET"]}}],"collection":[{"href":"https:\/\/mardinhaberyolu.com\/index.php?rest_route=\/wp\/v2\/posts"}],"about":[{"href":"https:\/\/mardinhaberyolu.com\/index.php?rest_route=\/wp\/v2\/types\/post"}],"author":[{"embeddable":true,"href":"https:\/\/mardinhaberyolu.com\/index.php?rest_route=\/wp\/v2\/users\/1"}],"replies":[{"embeddable":true,"href":"https:\/\/mardinhaberyolu.com\/index.php?rest_route=%2Fwp%2Fv2%2Fcomments&post=113246"}],"version-history":[{"count":1,"href":"https:\/\/mardinhaberyolu.com\/index.php?rest_route=\/wp\/v2\/posts\/113246\/revisions"}],"predecessor-version":[{"id":113252,"href":"https:\/\/mardinhaberyolu.com\/index.php?rest_route=\/wp\/v2\/posts\/113246\/revisions\/113252"}],"wp:featuredmedia":[{"embeddable":true,"href":"https:\/\/mardinhaberyolu.com\/index.php?rest_route=\/wp\/v2\/media\/113247"}],"wp:attachment":[{"href":"https:\/\/mardinhaberyolu.com\/index.php?rest_route=%2Fwp%2Fv2%2Fmedia&parent=113246"}],"wp:term":[{"taxonomy":"category","embeddable":true,"href":"https:\/\/mardinhaberyolu.com\/index.php?rest_route=%2Fwp%2Fv2%2Fcategories&post=113246"},{"taxonomy":"post_tag","embeddable":true,"href":"https:\/\/mardinhaberyolu.com\/index.php?rest_route=%2Fwp%2Fv2%2Ftags&post=113246"}],"curies":[{"name":"wp","href":"https:\/\/api.w.org\/{rel}","templated":true}]}}