{"id":113242,"date":"2026-04-24T06:00:02","date_gmt":"2026-04-24T06:00:02","guid":{"rendered":"https:\/\/mardinhaberyolu.com\/?p=113242"},"modified":"2026-04-24T06:00:02","modified_gmt":"2026-04-24T06:00:02","slug":"mardin-1969-spor-belli-1-lige-yukselmek","status":"publish","type":"post","link":"https:\/\/mardinhaberyolu.com\/?p=113242","title":{"rendered":"Mardin 1969 Spor Belli: 1. Lige  Y\u00fckselmek"},"content":{"rendered":"<p>&nbsp;<\/p>\n<p>ZORLUKLARLA BA\u015eLADI, HEDEFE K\u0130L\u0130TLEND\u0130<br \/>\nMardin 1969 Spor, 13 y\u0131l aradan sonra y\u00fckseldi\u011fi TFF 2. Lig\u2019de ortaya koydu\u011fu performansla futbol kamuoyunun takdirini topluyor. Sezonun son viraj\u0131na girilirken 70 puanla 2. s\u0131rada bulunan k\u0131rm\u0131z\u0131-lacivertli ekip, Play-Off hatt\u0131ndaki yerini sa\u011flamla\u015ft\u0131rarak 1. Lig hedefini diri tutuyor.<\/p>\n<p>Her \u015fey sezon ba\u015f\u0131nda ortaya konulan \u201cHEDEF\u0130M\u0130Z B\u0130R\u201d slogan\u0131yla ba\u015flad\u0131. Ancak bu hedefe giden yol hi\u00e7 de kolay olmad\u0131.<\/p>\n<p>SAHASIZ, TES\u0130SS\u0130Z AMA PES ETMED\u0130LER<br \/>\nSezon ba\u015f\u0131nda ciddi imk\u00e2ns\u0131zl\u0131klarla kar\u015f\u0131 kar\u015f\u0131ya kalan Mardin temsilcisi, sahas\u0131 ve tesisi olmadan lige ba\u015flamak zorunda kald\u0131. Mevcut tesisin tadilatta olmas\u0131 nedeniyle tak\u0131m, aylarca otellerde konaklad\u0131. T\u00fcm bu zorluklara ra\u011fmen oyuncular ve teknik ekip, sahaya yans\u0131tt\u0131klar\u0131 birlik, m\u00fccadele ve inan\u00e7la \u00f6rnek bir duru\u015f sergiledi.<\/p>\n<p>SAKATLIKLAR VE ZORLU S\u00dcRE\u00c7LERE RA\u011eMEN Z\u0130RVE TAK\u0130B\u0130<br \/>\nSezon i\u00e7inde ya\u015fanan sakatl\u0131klar ve zorlu s\u00fcre\u00e7ler, Mardin ekibinin \u00f6n\u00fcne engeller \u00e7\u0131karsa da tak\u0131m bu s\u00fcre\u00e7leri karakter koyarak a\u015ft\u0131. Lider Bursaspor\u2019un 7 puan gerisinde bulunan Mardin 1969 Spor, t\u00fcm bu olumsuzluklara ra\u011fmen g\u00f6sterdi\u011fi performansla ligin en \u00e7ok konu\u015fulan ekiplerinden biri haline geldi.<\/p>\n<p>FUTBOL KAMUOYU BU BA\u015eARIYI KONU\u015eUYOR<br \/>\nT\u00fcrkiye genelinde futbol \u00e7evreleri, Mardin temsilcisinin ortaya koydu\u011fu m\u00fccadeleyi \u00f6vg\u00fcyle kar\u015f\u0131l\u0131yor. Futbolcular\u0131n sahadaki uyumu, \u015fehre ve armaya olan ba\u011fl\u0131l\u0131klar\u0131 ile y\u00fcksek m\u00fccadele g\u00fcc\u00fc, ne denli karakterli bir oyuncu grubuna sahip olundu\u011funu g\u00f6zler \u00f6n\u00fcne seriyor.<\/p>\n<p>Y\u00d6NET\u0130M\u0130N DESTE\u011e\u0130, TAKIMIN G\u00dcC\u00dc<br \/>\nSezon boyunca y\u00f6netimin tak\u0131m\u0131 yaln\u0131z b\u0131rakmamas\u0131, futbolcular i\u00e7in \u00f6nemli bir motivasyon kayna\u011f\u0131 oldu. Kul\u00fcp i\u00e7indeki birliktelik ve dayan\u0131\u015fma, ba\u015far\u0131y\u0131 getiren en \u00f6nemli unsurlar aras\u0131nda yer ald\u0131.<\/p>\n<p>\u015e\u0130MD\u0130 SIRA MARD\u0130N HALKINDA<br \/>\nPlay-Off s\u00fcrecine do\u011fru ilerleyen Mardin 1969 Spor\u2019da g\u00f6zler \u015fimdi her zaman oldu\u011fu gibi en b\u00fcy\u00fck g\u00fc\u00e7 olan taraftara \u00e7evrildi. Tak\u0131m\u0131n hem maddi hem de manevi anlamda desteklenmesi, 1. Lig yolunda en kritik fakt\u00f6rlerden biri olarak \u00f6ne \u00e7\u0131k\u0131yor.<\/p>\n<p>Mardin 1969 Spor\u2019un yazd\u0131\u011f\u0131 bu hik\u00e2ye, yaln\u0131zca bir futbol ba\u015far\u0131s\u0131 de\u011fil; inanc\u0131n, m\u00fccadelenin ve aidiyetin sahaya yans\u0131yan en g\u00fc\u00e7l\u00fc \u00f6rneklerinden biri olarak dikkat \u00e7ekiyor.<\/p>\n","protected":false},"excerpt":{"rendered":"<p>Sahas\u0131z, tesissiz ve t\u00fcm zorluklara ra\u011fmen m\u00fccadeleyi b\u0131rakmayan Mardin 1969 Spor, 70 puanla 2. s\u0131rada yer alarak Play-Off \u00fczerinden 1. Lig hayalini s\u00fcrd\u00fcr\u00fcyor.<\/p>\n","protected":false},"author":1,"featured_media":113243,"comment_status":"open","ping_status":"open","sticky":false,"template":"","format":"standard","meta":{"footnotes":""},"categories":[4,9,7,30],"tags":[],"class_list":["post-113242","post","type-post","status-publish","format-standard","has-post-thumbnail","hentry","category-manset","category-mardin","category-spor","category-ust-manset"],"_links":{"self":[{"href":"https:\/\/mardinhaberyolu.com\/index.php?rest_route=\/wp\/v2\/posts\/113242","targetHints":{"allow":["GET"]}}],"collection":[{"href":"https:\/\/mardinhaberyolu.com\/index.php?rest_route=\/wp\/v2\/posts"}],"about":[{"href":"https:\/\/mardinhaberyolu.com\/index.php?rest_route=\/wp\/v2\/types\/post"}],"author":[{"embeddable":true,"href":"https:\/\/mardinhaberyolu.com\/index.php?rest_route=\/wp\/v2\/users\/1"}],"replies":[{"embeddable":true,"href":"https:\/\/mardinhaberyolu.com\/index.php?rest_route=%2Fwp%2Fv2%2Fcomments&post=113242"}],"version-history":[{"count":1,"href":"https:\/\/mardinhaberyolu.com\/index.php?rest_route=\/wp\/v2\/posts\/113242\/revisions"}],"predecessor-version":[{"id":113244,"href":"https:\/\/mardinhaberyolu.com\/index.php?rest_route=\/wp\/v2\/posts\/113242\/revisions\/113244"}],"wp:featuredmedia":[{"embeddable":true,"href":"https:\/\/mardinhaberyolu.com\/index.php?rest_route=\/wp\/v2\/media\/113243"}],"wp:attachment":[{"href":"https:\/\/mardinhaberyolu.com\/index.php?rest_route=%2Fwp%2Fv2%2Fmedia&parent=113242"}],"wp:term":[{"taxonomy":"category","embeddable":true,"href":"https:\/\/mardinhaberyolu.com\/index.php?rest_route=%2Fwp%2Fv2%2Fcategories&post=113242"},{"taxonomy":"post_tag","embeddable":true,"href":"https:\/\/mardinhaberyolu.com\/index.php?rest_route=%2Fwp%2Fv2%2Ftags&post=113242"}],"curies":[{"name":"wp","href":"https:\/\/api.w.org\/{rel}","templated":true}]}}