{"id":113239,"date":"2026-04-23T08:50:06","date_gmt":"2026-04-23T08:50:06","guid":{"rendered":"https:\/\/mardinhaberyolu.com\/?p=113239"},"modified":"2026-04-23T08:50:06","modified_gmt":"2026-04-23T08:50:06","slug":"ak-parti-il-baskani-uncunun-23-nisan-mesaji","status":"publish","type":"post","link":"https:\/\/mardinhaberyolu.com\/?p=113239","title":{"rendered":"AK Parti \u0130l Ba\u015fkan\u0131 Uncu&#8217;nun 23 Nisan Mesaj\u0131"},"content":{"rendered":"<p>Ba\u015fkan Uncu&#8217;nun Gelece\u011fimizin Teminat\u0131 diye niteledi\u011fi 23 Nisan mesaj\u0131n\u0131n tam metni \u015f\u00f6yle:<\/p>\n<p>Bug\u00fcn, T\u00fcrkiye B\u00fcy\u00fck Millet Meclisi\u2019nin a\u00e7\u0131l\u0131\u015f\u0131n\u0131n 106. y\u0131l d\u00f6n\u00fcm\u00fcn\u00fc ve d\u00fcnyada \u00e7ocuklara arma\u011fan edilen ilk ve tek bayram olan 23 Nisan Ulusal Egemenlik ve \u00c7ocuk Bayram\u0131\u2019n\u0131 b\u00fcy\u00fck bir gururla kutluyoruz.<\/p>\n<p>&nbsp;<\/p>\n<p>Millet iradesinin en g\u00fc\u00e7l\u00fc \u015fekilde tecelli etti\u011fi bu anlaml\u0131 g\u00fcn, ayn\u0131 zamanda gelece\u011fimizin teminat\u0131 olan evlatlar\u0131m\u0131za duydu\u011fumuz g\u00fcvenin en g\u00fczel ifadesidir. \u00c7ocuklar\u0131m\u0131z\u0131n huzur, g\u00fcven ve umut i\u00e7inde b\u00fcy\u00fcd\u00fc\u011f\u00fc bir T\u00fcrkiye i\u00e7in \u00e7al\u0131\u015fmaya devam ediyoruz.<\/p>\n<p>&nbsp;<\/p>\n<p>Bir yandan bayram sevincini ya\u015farken, ge\u00e7ti\u011fimiz hafta Kahramanmara\u015f ve Siverek te ya\u015fanan elim hadisede hayat\u0131n\u0131 kaybeden masum \u00e7ocuklar\u0131m\u0131z\u0131 ve kahraman \u00f6\u011fretmenimizi de rahmetle an\u0131yoruz.<\/p>\n<p>&nbsp;<\/p>\n<p>Bu vesileyle ba\u015fta Gazi Mustafa Kemal Atat\u00fcrk olmak \u00fczere t\u00fcm milli m\u00fccadele kahramanlar\u0131m\u0131z\u0131 minnetle an\u0131yor; t\u00fcm \u00e7ocuklar\u0131m\u0131za sa\u011fl\u0131k, mutluluk ve umut dolu bir gelecek diliyorum.<\/p>\n<p>Mehmet Uncu<\/p>\n<p>AK Parti Mardin \u0130l Ba\u015fkan\u0131<\/p>\n","protected":false},"excerpt":{"rendered":"<p>AK Parti Mardin \u0130l Ba\u015fkan\u0131 Mehmet Uncu, 23 Nisan Ulusal Egemenlik ve \u00c7ocuk Bayram\u0131 nedeniyle bir mesaj yay\u0131nlad\u0131. Uncu mesaj\u0131nda Milli \u0130radeye vurgu yapt\u0131. <\/p>\n","protected":false},"author":1,"featured_media":113240,"comment_status":"open","ping_status":"open","sticky":false,"template":"","format":"standard","meta":{"footnotes":""},"categories":[3,4,9,18,30],"tags":[],"class_list":["post-113239","post","type-post","status-publish","format-standard","has-post-thumbnail","hentry","category-guncel","category-manset","category-mardin","category-toplumsal-yasam-gundem","category-ust-manset"],"_links":{"self":[{"href":"https:\/\/mardinhaberyolu.com\/index.php?rest_route=\/wp\/v2\/posts\/113239","targetHints":{"allow":["GET"]}}],"collection":[{"href":"https:\/\/mardinhaberyolu.com\/index.php?rest_route=\/wp\/v2\/posts"}],"about":[{"href":"https:\/\/mardinhaberyolu.com\/index.php?rest_route=\/wp\/v2\/types\/post"}],"author":[{"embeddable":true,"href":"https:\/\/mardinhaberyolu.com\/index.php?rest_route=\/wp\/v2\/users\/1"}],"replies":[{"embeddable":true,"href":"https:\/\/mardinhaberyolu.com\/index.php?rest_route=%2Fwp%2Fv2%2Fcomments&post=113239"}],"version-history":[{"count":1,"href":"https:\/\/mardinhaberyolu.com\/index.php?rest_route=\/wp\/v2\/posts\/113239\/revisions"}],"predecessor-version":[{"id":113241,"href":"https:\/\/mardinhaberyolu.com\/index.php?rest_route=\/wp\/v2\/posts\/113239\/revisions\/113241"}],"wp:featuredmedia":[{"embeddable":true,"href":"https:\/\/mardinhaberyolu.com\/index.php?rest_route=\/wp\/v2\/media\/113240"}],"wp:attachment":[{"href":"https:\/\/mardinhaberyolu.com\/index.php?rest_route=%2Fwp%2Fv2%2Fmedia&parent=113239"}],"wp:term":[{"taxonomy":"category","embeddable":true,"href":"https:\/\/mardinhaberyolu.com\/index.php?rest_route=%2Fwp%2Fv2%2Fcategories&post=113239"},{"taxonomy":"post_tag","embeddable":true,"href":"https:\/\/mardinhaberyolu.com\/index.php?rest_route=%2Fwp%2Fv2%2Ftags&post=113239"}],"curies":[{"name":"wp","href":"https:\/\/api.w.org\/{rel}","templated":true}]}}