{"id":113233,"date":"2026-04-23T07:05:45","date_gmt":"2026-04-23T07:05:45","guid":{"rendered":"https:\/\/mardinhaberyolu.com\/?p=113233"},"modified":"2026-04-23T07:05:45","modified_gmt":"2026-04-23T07:05:45","slug":"minik-ela-naz-valilik-koltuguna-oturdu","status":"publish","type":"post","link":"https:\/\/mardinhaberyolu.com\/?p=113233","title":{"rendered":"Minik Ela Naz, Valilik Koltu\u011funa Oturdu"},"content":{"rendered":"<p>Mardin\u2019de 23 Nisan Ulusal Egemenlik ve \u00c7ocuk Bayram\u0131 dolay\u0131s\u0131yla anlaml\u0131 bir etkinlik ger\u00e7ekle\u015ftirildi. Mardin Valisi Tuncay Akkoyun, T\u00fcrkiye B\u00fcy\u00fck Millet Meclisi\u2019nin a\u00e7\u0131l\u0131\u015f\u0131n\u0131n 106\u2019nc\u0131 y\u0131l d\u00f6n\u00fcm\u00fc kapsam\u0131nda makam\u0131n\u0131 temsili olarak \u015eehit \u0130lhan Varank \u0130lkokulu \u00f6\u011frencisi Ela Naz Bodur\u2019a devretti.<\/p>\n<p><img fetchpriority=\"high\" decoding=\"async\" class=\"alignnone size-medium wp-image-113235\" src=\"https:\/\/mardinhaberyolu.com\/wp-content\/uploads\/2026\/04\/IMG-20260422-WA0087-300x200.jpg\" alt=\"\" width=\"300\" height=\"200\" srcset=\"https:\/\/mardinhaberyolu.com\/wp-content\/uploads\/2026\/04\/IMG-20260422-WA0087-300x200.jpg 300w, https:\/\/mardinhaberyolu.com\/wp-content\/uploads\/2026\/04\/IMG-20260422-WA0087-1024x683.jpg 1024w, https:\/\/mardinhaberyolu.com\/wp-content\/uploads\/2026\/04\/IMG-20260422-WA0087-768x512.jpg 768w, https:\/\/mardinhaberyolu.com\/wp-content\/uploads\/2026\/04\/IMG-20260422-WA0087-1536x1025.jpg 1536w, https:\/\/mardinhaberyolu.com\/wp-content\/uploads\/2026\/04\/IMG-20260422-WA0087-2048x1366.jpg 2048w\" sizes=\"(max-width: 300px) 100vw, 300px\" \/><\/p>\n<p>Valilik makam\u0131na oturan minik Ela Naz Bodur, kamu kurum ve kurulu\u015flar\u0131n\u0131n amirlerine il ile ilgili \u00e7e\u015fitli talimatlar verdi. Renkli g\u00f6r\u00fcnt\u00fclere sahne olan ziyarette, \u00e7ocuklar\u0131n \u00f6zg\u00fcveni ve y\u00f6netime kat\u0131l\u0131m bilinci \u00f6n plana \u00e7\u0131kt\u0131.<\/p>\n<p>Ziyarete Vali Yard\u0131mc\u0131s\u0131 B\u00fc\u015fra U\u00e7ar Koyun, \u0130l Mill\u00ee E\u011fitim M\u00fcd\u00fcr\u00fc Ali Eyy\u00fcpkoca, Okul M\u00fcd\u00fcr\u00fc Mahbiye Karasu ile \u00f6\u011fretmen Helen Roza Aba da kat\u0131ld\u0131.<\/p>\n<p>23 Nisan etkinlikleri kapsam\u0131nda ger\u00e7ekle\u015ftirilen bu anlaml\u0131 devir teslim, hem \u00e7ocuklar hem de protokol \u00fcyeleri i\u00e7in unutulmaz anlara sahne oldu.<\/p>\n<p><img decoding=\"async\" class=\"alignnone size-medium wp-image-113236\" src=\"https:\/\/mardinhaberyolu.com\/wp-content\/uploads\/2026\/04\/IMG-20260422-WA0088-300x200.jpg\" alt=\"\" width=\"300\" height=\"200\" srcset=\"https:\/\/mardinhaberyolu.com\/wp-content\/uploads\/2026\/04\/IMG-20260422-WA0088-300x200.jpg 300w, https:\/\/mardinhaberyolu.com\/wp-content\/uploads\/2026\/04\/IMG-20260422-WA0088-1024x683.jpg 1024w, https:\/\/mardinhaberyolu.com\/wp-content\/uploads\/2026\/04\/IMG-20260422-WA0088-768x512.jpg 768w, https:\/\/mardinhaberyolu.com\/wp-content\/uploads\/2026\/04\/IMG-20260422-WA0088-1536x1025.jpg 1536w, https:\/\/mardinhaberyolu.com\/wp-content\/uploads\/2026\/04\/IMG-20260422-WA0088-2048x1366.jpg 2048w\" sizes=\"(max-width: 300px) 100vw, 300px\" \/><\/p>\n","protected":false},"excerpt":{"rendered":"<p>23 Nisan Ulusal Egemenlik ve \u00c7ocuk Bayram\u0131 kapsam\u0131nda Mardin Valisi Tuncay Akkoyun, makam\u0131n\u0131 temsili olarak ilkokul \u00f6\u011frencisi Ela Naz Bodur\u2019a devretti.<\/p>\n","protected":false},"author":1,"featured_media":113234,"comment_status":"open","ping_status":"open","sticky":false,"template":"","format":"standard","meta":{"footnotes":""},"categories":[16,3,4,9,18,30],"tags":[],"class_list":["post-113233","post","type-post","status-publish","format-standard","has-post-thumbnail","hentry","category-egitim","category-guncel","category-manset","category-mardin","category-toplumsal-yasam-gundem","category-ust-manset"],"_links":{"self":[{"href":"https:\/\/mardinhaberyolu.com\/index.php?rest_route=\/wp\/v2\/posts\/113233","targetHints":{"allow":["GET"]}}],"collection":[{"href":"https:\/\/mardinhaberyolu.com\/index.php?rest_route=\/wp\/v2\/posts"}],"about":[{"href":"https:\/\/mardinhaberyolu.com\/index.php?rest_route=\/wp\/v2\/types\/post"}],"author":[{"embeddable":true,"href":"https:\/\/mardinhaberyolu.com\/index.php?rest_route=\/wp\/v2\/users\/1"}],"replies":[{"embeddable":true,"href":"https:\/\/mardinhaberyolu.com\/index.php?rest_route=%2Fwp%2Fv2%2Fcomments&post=113233"}],"version-history":[{"count":1,"href":"https:\/\/mardinhaberyolu.com\/index.php?rest_route=\/wp\/v2\/posts\/113233\/revisions"}],"predecessor-version":[{"id":113237,"href":"https:\/\/mardinhaberyolu.com\/index.php?rest_route=\/wp\/v2\/posts\/113233\/revisions\/113237"}],"wp:featuredmedia":[{"embeddable":true,"href":"https:\/\/mardinhaberyolu.com\/index.php?rest_route=\/wp\/v2\/media\/113234"}],"wp:attachment":[{"href":"https:\/\/mardinhaberyolu.com\/index.php?rest_route=%2Fwp%2Fv2%2Fmedia&parent=113233"}],"wp:term":[{"taxonomy":"category","embeddable":true,"href":"https:\/\/mardinhaberyolu.com\/index.php?rest_route=%2Fwp%2Fv2%2Fcategories&post=113233"},{"taxonomy":"post_tag","embeddable":true,"href":"https:\/\/mardinhaberyolu.com\/index.php?rest_route=%2Fwp%2Fv2%2Ftags&post=113233"}],"curies":[{"name":"wp","href":"https:\/\/api.w.org\/{rel}","templated":true}]}}