{"id":113225,"date":"2026-04-22T13:28:17","date_gmt":"2026-04-22T13:28:17","guid":{"rendered":"https:\/\/mardinhaberyolu.com\/?p=113225"},"modified":"2026-04-22T13:28:17","modified_gmt":"2026-04-22T13:28:17","slug":"23-nisanda-buyuksehir-araclarinda-toplu-ulasim-ucretsiz","status":"publish","type":"post","link":"https:\/\/mardinhaberyolu.com\/?p=113225","title":{"rendered":"23 Nisan\u2019da B\u00fcy\u00fck\u015fehir Ara\u00e7lar\u0131nda Toplu Ula\u015f\u0131m \u00dccretsiz"},"content":{"rendered":"<p>Belediye taraf\u0131ndan yap\u0131lan a\u00e7\u0131klamada, bayram s\u00fcresince B\u00fcy\u00fck\u015fehir Belediye uhdesinde hizmet veren toplu ta\u015f\u0131ma ara\u00e7lar\u0131n\u0131n \u00fccretsiz olaca\u011f\u0131 duyuruldu.<\/p>\n<p>Uygulama kapsam\u0131nda, 23 Nisan Per\u015fembe g\u00fcn\u00fc boyunca Mardin B\u00fcy\u00fck\u015fehir Belediyesi\u2019ne ait t\u00fcm toplu ta\u015f\u0131ma ara\u00e7lar\u0131ndan vatanda\u015flar \u00fccretsiz olarak faydalanabilecek. Al\u0131nan bu karar\u0131n, \u00f6zellikle \u00e7ocuklar\u0131n ve ailelerin bayram co\u015fkusunu daha rahat ya\u015fayabilmesi amac\u0131yla hayata ge\u00e7irildi\u011fi belirtildi.<\/p>\n<p>Yetkililer, vatanda\u015flar\u0131n bayram etkinliklerine kolay ve ekonomik bir \u015fekilde ula\u015fabilmesi i\u00e7in toplu ula\u015f\u0131m\u0131n g\u00fcn boyu \u00fccretsiz hizmet verece\u011fini ifade ederken, t\u00fcm Mardin halk\u0131n\u0131n 23 Nisan Ulusal Egemenlik ve \u00c7ocuk Bayram\u0131\u2019n\u0131 da kutlad\u0131.<\/p>\n<p>B\u00fclten<\/p>\n","protected":false},"excerpt":{"rendered":"<p>Mardin B\u00fcy\u00fck\u015fehir Belediyesi, 23 Nisan Ulusal Egemenlik ve \u00c7ocuk Bayram\u0131 dolay\u0131s\u0131yla vatanda\u015flara y\u00f6nelik \u00f6nemli bir hizmeti hayata ge\u00e7iriyor.<\/p>\n","protected":false},"author":1,"featured_media":113226,"comment_status":"open","ping_status":"open","sticky":false,"template":"","format":"standard","meta":{"footnotes":""},"categories":[3,4,9,18,30],"tags":[],"class_list":["post-113225","post","type-post","status-publish","format-standard","has-post-thumbnail","hentry","category-guncel","category-manset","category-mardin","category-toplumsal-yasam-gundem","category-ust-manset"],"_links":{"self":[{"href":"https:\/\/mardinhaberyolu.com\/index.php?rest_route=\/wp\/v2\/posts\/113225","targetHints":{"allow":["GET"]}}],"collection":[{"href":"https:\/\/mardinhaberyolu.com\/index.php?rest_route=\/wp\/v2\/posts"}],"about":[{"href":"https:\/\/mardinhaberyolu.com\/index.php?rest_route=\/wp\/v2\/types\/post"}],"author":[{"embeddable":true,"href":"https:\/\/mardinhaberyolu.com\/index.php?rest_route=\/wp\/v2\/users\/1"}],"replies":[{"embeddable":true,"href":"https:\/\/mardinhaberyolu.com\/index.php?rest_route=%2Fwp%2Fv2%2Fcomments&post=113225"}],"version-history":[{"count":1,"href":"https:\/\/mardinhaberyolu.com\/index.php?rest_route=\/wp\/v2\/posts\/113225\/revisions"}],"predecessor-version":[{"id":113227,"href":"https:\/\/mardinhaberyolu.com\/index.php?rest_route=\/wp\/v2\/posts\/113225\/revisions\/113227"}],"wp:featuredmedia":[{"embeddable":true,"href":"https:\/\/mardinhaberyolu.com\/index.php?rest_route=\/wp\/v2\/media\/113226"}],"wp:attachment":[{"href":"https:\/\/mardinhaberyolu.com\/index.php?rest_route=%2Fwp%2Fv2%2Fmedia&parent=113225"}],"wp:term":[{"taxonomy":"category","embeddable":true,"href":"https:\/\/mardinhaberyolu.com\/index.php?rest_route=%2Fwp%2Fv2%2Fcategories&post=113225"},{"taxonomy":"post_tag","embeddable":true,"href":"https:\/\/mardinhaberyolu.com\/index.php?rest_route=%2Fwp%2Fv2%2Ftags&post=113225"}],"curies":[{"name":"wp","href":"https:\/\/api.w.org\/{rel}","templated":true}]}}