{"id":113221,"date":"2026-04-22T13:01:39","date_gmt":"2026-04-22T13:01:39","guid":{"rendered":"https:\/\/mardinhaberyolu.com\/?p=113221"},"modified":"2026-04-22T13:01:39","modified_gmt":"2026-04-22T13:01:39","slug":"mardinden-rusyaya-uzanan-yeni-ticaret-koprusu","status":"publish","type":"post","link":"https:\/\/mardinhaberyolu.com\/?p=113221","title":{"rendered":"Mardin\u2019den Rusya\u2019ya Uzanan Yeni Ticaret K\u00f6pr\u00fcs\u00fc"},"content":{"rendered":"<p>Rusya Federasyonu T\u00fcrkiye Ticaret Temsilcisi Aydar Ga\u015fugullin, Ticaret M\u00fc\u015faviri \u015eamil Yanmurdin, Ekonomik Kalk\u0131nma Bakanl\u0131\u011f\u0131 temsilcisi Ruslan Bekuzarov ve dan\u0131\u015fman Regina Gazizova\u2019dan olu\u015fan heyet, MTSO Y\u00f6netim Kurulu Ba\u015fkan\u0131 Hatip \u00c7elik ile bir araya geldi.<\/p>\n<p>Ziyaretten duydu\u011fu memnuniyeti dile getiren \u00c7elik, Mardin\u2019in ticari potansiyeline dikkat \u00e7ekerek, i\u015f birliklerinin geli\u015ftirilmesi i\u00e7in her t\u00fcrl\u00fc deste\u011fe haz\u0131r olduklar\u0131n\u0131 s\u00f6yledi. Bu y\u0131l beklenenin \u00fczerinde ger\u00e7ekle\u015fen ya\u011f\u0131\u015flar\u0131n \u00f6zellikle hububat, \u00fcz\u00fcm ve zeytin \u00fcretiminde verimi art\u0131raca\u011f\u0131n\u0131 belirten \u00c7elik, tar\u0131m sekt\u00f6r\u00fcnde g\u00fc\u00e7l\u00fc bir sezon \u00f6ng\u00f6rd\u00fcklerini ifade etti.<\/p>\n<p>Mardin\u2019in yaln\u0131zca tar\u0131mda de\u011fil; g\u0131da, tekstil ve turizm alanlar\u0131nda da \u00f6ne \u00e7\u0131kt\u0131\u011f\u0131n\u0131 vurgulayan \u00c7elik, kentin sahip oldu\u011fu \u00e7ok k\u00fclt\u00fcrl\u00fc yap\u0131s\u0131yla \u00f6nemli bir inan\u00e7 ve k\u00fclt\u00fcr turizmi merkezi oldu\u011funu kaydetti. Tarihi medreseleri, kiliseleri, camileri ve hanlar\u0131yla Mardin\u2019in d\u00fcnyada e\u015fsiz bir \u015fehir oldu\u011funu belirtti.<\/p>\n<p>Lojistik alanda y\u00fcr\u00fct\u00fclen projelere de de\u011finen \u00c7elik, Mardin\u2019in T\u00fcrkiye\u2019nin en g\u00fc\u00e7l\u00fc ara\u00e7 filolar\u0131ndan birine sahip oldu\u011funu ifade etti. Kentte bulunan Organize Sanayi B\u00f6lgeleri\u2019nin potansiyeline vurgu yapan \u00c7elik, \u201c\u0130kinci ve \u00fc\u00e7\u00fcnc\u00fc etap sanayi b\u00f6lgeleri yat\u0131r\u0131ma m\u00fcsait b\u00f6lgeler. Bu b\u00f6lgelere yat\u0131r\u0131mlar\u0131n\u0131z\u0131 bekliyoruz\u201d dedi.<\/p>\n<p>Heyet ad\u0131na konu\u015fan Ga\u015fugullin ise Mardin\u2019e ilk kez geldiklerini belirterek misafirperverlikten dolay\u0131 te\u015fekk\u00fcr etti. Ziyaret kapsam\u0131nda i\u015f insanlar\u0131na \u201cRusya Pazar\u0131nda Ticari F\u0131rsatlar\u201d ba\u015fl\u0131kl\u0131 bir sunum ger\u00e7ekle\u015ftirildi. Program, kat\u0131l\u0131mc\u0131lar\u0131n sorular\u0131n\u0131n yan\u0131tlanmas\u0131yla sona erdi. Ziyaretin sonunda \u00c7elik, Rus heyetine plaket takdim etti.<\/p>\n<p><img fetchpriority=\"high\" decoding=\"async\" class=\"alignnone size-medium wp-image-113223\" src=\"https:\/\/mardinhaberyolu.com\/wp-content\/uploads\/2026\/04\/ts2-300x199.jpg\" alt=\"\" width=\"300\" height=\"199\" srcset=\"https:\/\/mardinhaberyolu.com\/wp-content\/uploads\/2026\/04\/ts2-300x199.jpg 300w, https:\/\/mardinhaberyolu.com\/wp-content\/uploads\/2026\/04\/ts2-1024x678.jpg 1024w, https:\/\/mardinhaberyolu.com\/wp-content\/uploads\/2026\/04\/ts2-768x508.jpg 768w, https:\/\/mardinhaberyolu.com\/wp-content\/uploads\/2026\/04\/ts2-1536x1017.jpg 1536w, https:\/\/mardinhaberyolu.com\/wp-content\/uploads\/2026\/04\/ts2.jpg 1600w\" sizes=\"(max-width: 300px) 100vw, 300px\" \/><\/p>\n<p>Haber Merkezi<\/p>\n","protected":false},"excerpt":{"rendered":"<p>Rusya Federasyonu\u2019nun T\u00fcrkiye\u2019deki ticaret temsilcileri, Mardin Ticaret ve Sanayi Odas\u0131\u2019n\u0131 ziyaret ederek b\u00f6lgedeki i\u015f f\u0131rsatlar\u0131n\u0131 de\u011ferlendirdi.<\/p>\n","protected":false},"author":1,"featured_media":113222,"comment_status":"open","ping_status":"open","sticky":false,"template":"","format":"standard","meta":{"footnotes":""},"categories":[6,4,9,30],"tags":[],"class_list":["post-113221","post","type-post","status-publish","format-standard","has-post-thumbnail","hentry","category-ekonomi","category-manset","category-mardin","category-ust-manset"],"_links":{"self":[{"href":"https:\/\/mardinhaberyolu.com\/index.php?rest_route=\/wp\/v2\/posts\/113221","targetHints":{"allow":["GET"]}}],"collection":[{"href":"https:\/\/mardinhaberyolu.com\/index.php?rest_route=\/wp\/v2\/posts"}],"about":[{"href":"https:\/\/mardinhaberyolu.com\/index.php?rest_route=\/wp\/v2\/types\/post"}],"author":[{"embeddable":true,"href":"https:\/\/mardinhaberyolu.com\/index.php?rest_route=\/wp\/v2\/users\/1"}],"replies":[{"embeddable":true,"href":"https:\/\/mardinhaberyolu.com\/index.php?rest_route=%2Fwp%2Fv2%2Fcomments&post=113221"}],"version-history":[{"count":1,"href":"https:\/\/mardinhaberyolu.com\/index.php?rest_route=\/wp\/v2\/posts\/113221\/revisions"}],"predecessor-version":[{"id":113224,"href":"https:\/\/mardinhaberyolu.com\/index.php?rest_route=\/wp\/v2\/posts\/113221\/revisions\/113224"}],"wp:featuredmedia":[{"embeddable":true,"href":"https:\/\/mardinhaberyolu.com\/index.php?rest_route=\/wp\/v2\/media\/113222"}],"wp:attachment":[{"href":"https:\/\/mardinhaberyolu.com\/index.php?rest_route=%2Fwp%2Fv2%2Fmedia&parent=113221"}],"wp:term":[{"taxonomy":"category","embeddable":true,"href":"https:\/\/mardinhaberyolu.com\/index.php?rest_route=%2Fwp%2Fv2%2Fcategories&post=113221"},{"taxonomy":"post_tag","embeddable":true,"href":"https:\/\/mardinhaberyolu.com\/index.php?rest_route=%2Fwp%2Fv2%2Ftags&post=113221"}],"curies":[{"name":"wp","href":"https:\/\/api.w.org\/{rel}","templated":true}]}}