{"id":113218,"date":"2026-04-22T12:39:33","date_gmt":"2026-04-22T12:39:33","guid":{"rendered":"https:\/\/mardinhaberyolu.com\/?p=113218"},"modified":"2026-04-22T12:39:33","modified_gmt":"2026-04-22T12:39:33","slug":"mardinde-yatirim-ve-kalkinma-odakli-bulusma","status":"publish","type":"post","link":"https:\/\/mardinhaberyolu.com\/?p=113218","title":{"rendered":"Mardin\u2019de yat\u0131r\u0131m ve kalk\u0131nma odakl\u0131 bulu\u015fma"},"content":{"rendered":"<p>Mardin Ticaret ve Sanayi Odas\u0131 ile Dicle Kalk\u0131nma Ajans\u0131 i\u015f birli\u011fiyle yap\u0131lacak olan toplant\u0131da program\u0131n kapsam\u0131, ba\u015fvuru s\u00fcre\u00e7leri ve sa\u011flanan destekler ele al\u0131nacak.<br \/>\nSanayi ve Teknoloji Bakanl\u0131\u011f\u0131 koordinasyonunda y\u00fcr\u00fct\u00fclen Yerel Kalk\u0131nma Hamlesi Te\u015fvik Program\u0131 2026 Y\u0131l\u0131 \u00c7a\u011fr\u0131s\u0131 kapsam\u0131nda Tan\u0131t\u0131m ve Bilgilendirme Toplant\u0131s\u0131 d\u00fczenlenecek.<br \/>\nMardin Ticaret ve Sanayi Odas\u0131 (MTSO) i\u015f birli\u011fiyle Dicle Kalk\u0131nma Ajans\u0131 (D\u0130KA) ev sahipli\u011finde ger\u00e7ekle\u015ftirilecek toplant\u0131da; program\u0131n kapsam\u0131, ba\u015fvuru s\u00fcre\u00e7leri sa\u011flanan destekler detayl\u0131 \u015fekilde ele al\u0131nacak. Toplant\u0131 24 Nisan 2026 Cuma saat 15.30 D\u0130KA Toplant\u0131 Salonunda ger\u00e7ekle\u015fecek.<br \/>\nMTSO taraf\u0131ndan yap\u0131lan a\u00e7\u0131klamada, b\u00f6lgesel kalk\u0131nman\u0131n g\u00fc\u00e7lendirilmesi, ekonomik i\u015f birliklerinin art\u0131r\u0131lmas\u0131 ve yeni yat\u0131r\u0131m alanlar\u0131n\u0131n de\u011ferlendirilmesi amac\u0131yla \u00f6nemli bir bulu\u015fma ger\u00e7ekle\u015ftirilece\u011fi belirtildi. A\u00e7\u0131klamada, yat\u0131r\u0131m f\u0131rsatlar\u0131n\u0131 yak\u0131ndan takip etmek, i\u015f d\u00fcnyas\u0131ndaki g\u00fcncel geli\u015fmeleri \u00f6\u011frenmek ve b\u00f6lgenin ekonomik potansiyeline katk\u0131 sunmak isteyen herkesin etkinli\u011fe kat\u0131l\u0131m\u0131n\u0131n b\u00fcy\u00fck \u00f6nem ta\u015f\u0131d\u0131\u011f\u0131 vurguland\u0131.<\/p>\n<p>B\u00fclten<\/p>\n","protected":false},"excerpt":{"rendered":"<p>Sanayi ve Teknoloji Bakanl\u0131\u011f\u0131&#8217;n\u0131n koordinasyonunda ger\u00e7ekle\u015ftirilecek olan Yerel Kalk\u0131nma Hamlesi Te\u015fvik Program\u0131 2026 Y\u0131l\u0131 \u00c7a\u011fr\u0131s\u0131 \u00e7er\u00e7evesinde, Mardin&#8217;de tan\u0131t\u0131m ve bilgilendirme toplant\u0131s\u0131 yap\u0131lacak.<\/p>\n","protected":false},"author":1,"featured_media":113219,"comment_status":"open","ping_status":"open","sticky":false,"template":"","format":"standard","meta":{"footnotes":""},"categories":[6,4,9,30],"tags":[],"class_list":["post-113218","post","type-post","status-publish","format-standard","has-post-thumbnail","hentry","category-ekonomi","category-manset","category-mardin","category-ust-manset"],"_links":{"self":[{"href":"https:\/\/mardinhaberyolu.com\/index.php?rest_route=\/wp\/v2\/posts\/113218","targetHints":{"allow":["GET"]}}],"collection":[{"href":"https:\/\/mardinhaberyolu.com\/index.php?rest_route=\/wp\/v2\/posts"}],"about":[{"href":"https:\/\/mardinhaberyolu.com\/index.php?rest_route=\/wp\/v2\/types\/post"}],"author":[{"embeddable":true,"href":"https:\/\/mardinhaberyolu.com\/index.php?rest_route=\/wp\/v2\/users\/1"}],"replies":[{"embeddable":true,"href":"https:\/\/mardinhaberyolu.com\/index.php?rest_route=%2Fwp%2Fv2%2Fcomments&post=113218"}],"version-history":[{"count":1,"href":"https:\/\/mardinhaberyolu.com\/index.php?rest_route=\/wp\/v2\/posts\/113218\/revisions"}],"predecessor-version":[{"id":113220,"href":"https:\/\/mardinhaberyolu.com\/index.php?rest_route=\/wp\/v2\/posts\/113218\/revisions\/113220"}],"wp:featuredmedia":[{"embeddable":true,"href":"https:\/\/mardinhaberyolu.com\/index.php?rest_route=\/wp\/v2\/media\/113219"}],"wp:attachment":[{"href":"https:\/\/mardinhaberyolu.com\/index.php?rest_route=%2Fwp%2Fv2%2Fmedia&parent=113218"}],"wp:term":[{"taxonomy":"category","embeddable":true,"href":"https:\/\/mardinhaberyolu.com\/index.php?rest_route=%2Fwp%2Fv2%2Fcategories&post=113218"},{"taxonomy":"post_tag","embeddable":true,"href":"https:\/\/mardinhaberyolu.com\/index.php?rest_route=%2Fwp%2Fv2%2Ftags&post=113218"}],"curies":[{"name":"wp","href":"https:\/\/api.w.org\/{rel}","templated":true}]}}