{"id":113213,"date":"2026-04-22T12:30:12","date_gmt":"2026-04-22T12:30:12","guid":{"rendered":"https:\/\/mardinhaberyolu.com\/?p=113213"},"modified":"2026-04-22T12:33:13","modified_gmt":"2026-04-22T12:33:13","slug":"milletvekili-faruk-kilictan-ulusal-egemenlik-ve-cocuk-bayrami-mesaji","status":"publish","type":"post","link":"https:\/\/mardinhaberyolu.com\/?p=113213","title":{"rendered":"Milletvekili Faruk K\u0131l\u0131\u00e7&#8217;tan Ulusal Egemenlik ve \u00c7ocuk Bayram\u0131 Mesaj\u0131"},"content":{"rendered":"<p>&nbsp;<\/p>\n<p>AK Parti Mardin Milletvekili Faruk K\u0131l\u0131\u00e7, 23 Nisan Ulusal Egemenlik ve \u00c7ocuk Bayram\u0131 dolay\u0131s\u0131yla yay\u0131mlad\u0131\u011f\u0131 mesaj\u0131nda, \u00e7ocuklar\u0131n hem bug\u00fcn\u00fcn hem de gelece\u011fin teminat\u0131 oldu\u011funu vurgulad\u0131.<\/p>\n<p>Milletvekili K\u0131l\u0131\u00e7, a\u00e7\u0131klamas\u0131nda \u015fu ifadelere yer verdi, \u201c23 Nisan, yaln\u0131zca T\u00fcrkiye B\u00fcy\u00fck Millet Meclisi\u2019nin a\u00e7\u0131l\u0131\u015f g\u00fcn\u00fc de\u011fil, ayn\u0131 zamanda ulusal egemenli\u011fin halk\u0131n iradesine teslim edildi\u011fi tarihi bir d\u00f6n\u00fcm noktas\u0131d\u0131r. \u00c7ocuklar\u0131m\u0131z, gelece\u011fimizin en de\u011ferli hazinesi ve en b\u00fcy\u00fck g\u00fcvencemizdir. Onlara b\u0131rakaca\u011f\u0131m\u0131z en b\u00fcy\u00fck miras, her anlamda b\u00fcy\u00fcyen ve kalk\u0131nan g\u00fc\u00e7l\u00fc bir T\u00fcrkiye olacakt\u0131r.\u201d ifadeleriyle kalk\u0131nan g\u00fc\u00e7l\u00fc bir T\u00fcrkiye&#8217;ye vurgu yapt\u0131.<\/p>\n<p>&#8220;Gelece\u011fimizin teminat\u0131 \u00e7ocuklar\u0131m\u0131z\u0131n daha g\u00fczel, daha g\u00fc\u00e7l\u00fc yar\u0131nlara ula\u015fmalar\u0131nda ki t\u00fcm engellerin ortadan kald\u0131r\u0131lmas\u0131yla Cumhuriyetimize olan inanc\u0131m\u0131z daha da peki\u015fmi\u015ftir. \u0130n\u015fallah bundan sonra ki t\u00fcm s\u00fcre\u00e7lerde \u00fclkemizin bekas\u0131, milletimizin ve \u00e7ocuklar\u0131m\u0131z\u0131n gelece\u011fi i\u00e7in bizlere b\u0131rak\u0131lan mirasa sahip \u00e7\u0131karak ve yar\u0131nlar\u0131m\u0131za da ula\u015ft\u0131rmak i\u00e7in elimizden gelen her \u00e7abay\u0131 sarf edece\u011fiz. Ge\u00e7ti\u011fimiz g\u00fcnlerde Kahramanmara\u015f&#8217;ta ya\u015fanan elim hadise nedeniyle \u00fcz\u00fcnt\u00fcm\u00fcz ve ac\u0131m\u0131z ayn\u0131 tazeli\u011fini korumaktad\u0131r. Tek temennimiz b\u00f6yle ac\u0131lar\u0131n bir daha ya\u015fanmamas\u0131d\u0131r. Bizler daima \u00f6\u011frenci ve \u00f6\u011fretmenlerimizin yan\u0131nda yer alarak e\u011fitimin mutlak ka\u00e7\u0131n\u0131lmaz oldu\u011funu s\u00fcrekli dile getirmekteyiz. Aziz milletimize ve milli e\u011fitim camiam\u0131za bir kez daha ba\u015fsa\u011fl\u0131\u011f\u0131 ve sab\u0131r diliyorum. Bu d\u00fc\u015f\u00fcncelerle 23 Nisan Ulusal Egemenlik ve \u00c7ocuk Bayram\u0131&#8217;n\u0131n \u00fclkemize huzur, mutluluk ve g\u00fcven getirmesini diliyorum.&#8221; \u015feklide son d\u00f6nem okullarda meydana gelen \u00fcz\u00fcc\u00fc olaylara dikkat \u00e7ekerek ailelere ve milli e\u011fitim camias\u0131na ba\u015f sa\u011fl\u0131\u011f\u0131 diledi.<\/p>\n","protected":false},"excerpt":{"rendered":"<p>AK Parti Mardin Milletvekili Faruk K\u0131l\u0131\u00e7, 23 Nisan Ulusal Egemenlik ve \u00c7ocuk Bayram\u0131 dolay\u0131s\u0131yla bir mesaj yay\u0131nlad\u0131.<\/p>\n","protected":false},"author":1,"featured_media":113214,"comment_status":"open","ping_status":"open","sticky":false,"template":"","format":"standard","meta":{"footnotes":""},"categories":[16,4,9,30],"tags":[],"class_list":["post-113213","post","type-post","status-publish","format-standard","has-post-thumbnail","hentry","category-egitim","category-manset","category-mardin","category-ust-manset"],"_links":{"self":[{"href":"https:\/\/mardinhaberyolu.com\/index.php?rest_route=\/wp\/v2\/posts\/113213","targetHints":{"allow":["GET"]}}],"collection":[{"href":"https:\/\/mardinhaberyolu.com\/index.php?rest_route=\/wp\/v2\/posts"}],"about":[{"href":"https:\/\/mardinhaberyolu.com\/index.php?rest_route=\/wp\/v2\/types\/post"}],"author":[{"embeddable":true,"href":"https:\/\/mardinhaberyolu.com\/index.php?rest_route=\/wp\/v2\/users\/1"}],"replies":[{"embeddable":true,"href":"https:\/\/mardinhaberyolu.com\/index.php?rest_route=%2Fwp%2Fv2%2Fcomments&post=113213"}],"version-history":[{"count":3,"href":"https:\/\/mardinhaberyolu.com\/index.php?rest_route=\/wp\/v2\/posts\/113213\/revisions"}],"predecessor-version":[{"id":113217,"href":"https:\/\/mardinhaberyolu.com\/index.php?rest_route=\/wp\/v2\/posts\/113213\/revisions\/113217"}],"wp:featuredmedia":[{"embeddable":true,"href":"https:\/\/mardinhaberyolu.com\/index.php?rest_route=\/wp\/v2\/media\/113214"}],"wp:attachment":[{"href":"https:\/\/mardinhaberyolu.com\/index.php?rest_route=%2Fwp%2Fv2%2Fmedia&parent=113213"}],"wp:term":[{"taxonomy":"category","embeddable":true,"href":"https:\/\/mardinhaberyolu.com\/index.php?rest_route=%2Fwp%2Fv2%2Fcategories&post=113213"},{"taxonomy":"post_tag","embeddable":true,"href":"https:\/\/mardinhaberyolu.com\/index.php?rest_route=%2Fwp%2Fv2%2Ftags&post=113213"}],"curies":[{"name":"wp","href":"https:\/\/api.w.org\/{rel}","templated":true}]}}