{"id":113180,"date":"2026-04-19T14:26:45","date_gmt":"2026-04-19T14:26:45","guid":{"rendered":"https:\/\/mardinhaberyolu.com\/?p=113180"},"modified":"2026-04-19T14:26:45","modified_gmt":"2026-04-19T14:26:45","slug":"milletvekili-kilic-can-kaybinin-yasanmamis-olmasi-en-buyuk-tesellimiz-oldu","status":"publish","type":"post","link":"https:\/\/mardinhaberyolu.com\/?p=113180","title":{"rendered":"Milletvekili K\u0131l\u0131\u00e7, Can Kayb\u0131n\u0131n Ya\u015fanmam\u0131\u015f Olmas\u0131 En B\u00fcy\u00fck Tesellimiz Oldu"},"content":{"rendered":"<p>AK Parti Mardin Milletvekili Faruk K\u0131l\u0131\u00e7 Mardin&#8217;in Midyat il\u00e7esinde meydana gelen sel felaketinin ard\u0131ndan yapt\u0131\u011f\u0131 a\u00e7\u0131klamada,<\/p>\n<p>&#8220;\u00d6ncelikle sel felaketinden etkilenen t\u00fcm vatanda\u015flar\u0131m\u0131za ge\u00e7mi\u015f olsun dileklerimizi iletiyoruz. Ba\u011flar Mahallesi ba\u015fta olmak olmak \u00fczere selden etkilenen t\u00fcm mahallelerimizde, B\u00fcy\u00fck\u015fehir Belediyemiz, Midyat Belediyemiz, Midyat Kaymakaml\u0131\u011f\u0131m\u0131z, \u0130l AFAD ekiplerimiz ve ilgili t\u00fcm kurumlar\u0131m\u0131z sahada aktif bir \u015fekilde \u00e7al\u0131\u015fmalar\u0131n\u0131 s\u00fcrd\u00fcrmekte, vatanda\u015flar\u0131m\u0131z\u0131n yan\u0131nda yer almaktad\u0131r. Hasar tespit ve zarar ziyan belirleme \u00e7al\u0131\u015fmalar\u0131 titizlikle ve kapsaml\u0131 bir \u015fekilde devam etmektedir.&#8221;<\/p>\n<p>S\u00fcreci Yak\u0131ndan Takip Ediyoruz<\/p>\n<p>Hi\u00e7bir vatanda\u015f\u0131m\u0131z\u0131n ma\u011fdur edilmemesi ad\u0131na gerekli t\u00fcm ad\u0131mlar\u0131n at\u0131laca\u011f\u0131n\u0131 belirten K\u0131l\u0131\u00e7, &#8220;Yap\u0131lacak incelemelerin ard\u0131ndan ihtiya\u00e7 duyulan destekler h\u0131zl\u0131 bir \u015fekilde sa\u011flanacakt\u0131r. T\u00fcm ilgili kurumlarla beraber, s\u00fcreci yak\u0131ndan takip ediyor, vatanda\u015flar\u0131m\u0131z\u0131n yaralar\u0131n\u0131n en k\u0131sa s\u00fcrede sar\u0131lmas\u0131 ve t\u00fcm i\u015flemlerin h\u0131zland\u0131r\u0131lmas\u0131 ad\u0131na \u00fczerimize d\u00fc\u015fen her t\u00fcrl\u00fc gayreti g\u00f6stermeye devam ediyoruz.&#8221;<\/p>\n","protected":false},"excerpt":{"rendered":"<p>AK Parti Mardin Milletvekili Faruk K\u0131l\u0131\u00e7, &#8220;Mardin\u2019in Midyat il\u00e7emizde meydana gelen sel felaketi dolay\u0131s\u0131yla t\u00fcm vatanda\u015flar\u0131m\u0131za ge\u00e7mi\u015f olsun dileklerimizi iletiyoruz. Can kayb\u0131n\u0131n ya\u015fanmam\u0131\u015f olmas\u0131 en b\u00fcy\u00fck tesellimiz olmu\u015ftur.&#8221;<\/p>\n","protected":false},"author":1,"featured_media":113181,"comment_status":"open","ping_status":"open","sticky":false,"template":"","format":"standard","meta":{"footnotes":""},"categories":[3,11,4,18,30],"tags":[],"class_list":["post-113180","post","type-post","status-publish","format-standard","has-post-thumbnail","hentry","category-guncel","category-kultur-sanat","category-manset","category-toplumsal-yasam-gundem","category-ust-manset"],"_links":{"self":[{"href":"https:\/\/mardinhaberyolu.com\/index.php?rest_route=\/wp\/v2\/posts\/113180","targetHints":{"allow":["GET"]}}],"collection":[{"href":"https:\/\/mardinhaberyolu.com\/index.php?rest_route=\/wp\/v2\/posts"}],"about":[{"href":"https:\/\/mardinhaberyolu.com\/index.php?rest_route=\/wp\/v2\/types\/post"}],"author":[{"embeddable":true,"href":"https:\/\/mardinhaberyolu.com\/index.php?rest_route=\/wp\/v2\/users\/1"}],"replies":[{"embeddable":true,"href":"https:\/\/mardinhaberyolu.com\/index.php?rest_route=%2Fwp%2Fv2%2Fcomments&post=113180"}],"version-history":[{"count":1,"href":"https:\/\/mardinhaberyolu.com\/index.php?rest_route=\/wp\/v2\/posts\/113180\/revisions"}],"predecessor-version":[{"id":113182,"href":"https:\/\/mardinhaberyolu.com\/index.php?rest_route=\/wp\/v2\/posts\/113180\/revisions\/113182"}],"wp:featuredmedia":[{"embeddable":true,"href":"https:\/\/mardinhaberyolu.com\/index.php?rest_route=\/wp\/v2\/media\/113181"}],"wp:attachment":[{"href":"https:\/\/mardinhaberyolu.com\/index.php?rest_route=%2Fwp%2Fv2%2Fmedia&parent=113180"}],"wp:term":[{"taxonomy":"category","embeddable":true,"href":"https:\/\/mardinhaberyolu.com\/index.php?rest_route=%2Fwp%2Fv2%2Fcategories&post=113180"},{"taxonomy":"post_tag","embeddable":true,"href":"https:\/\/mardinhaberyolu.com\/index.php?rest_route=%2Fwp%2Fv2%2Ftags&post=113180"}],"curies":[{"name":"wp","href":"https:\/\/api.w.org\/{rel}","templated":true}]}}