{"id":113176,"date":"2026-04-18T19:37:06","date_gmt":"2026-04-18T19:37:06","guid":{"rendered":"https:\/\/mardinhaberyolu.com\/?p=113176"},"modified":"2026-04-18T19:37:06","modified_gmt":"2026-04-18T19:37:06","slug":"ak-parti-mardin-milletvekili-kilic-ziraat-oda-baskanlarini-gazi-meclisinde-agirladi","status":"publish","type":"post","link":"https:\/\/mardinhaberyolu.com\/?p=113176","title":{"rendered":"AK Parti Mardin Milletvekili K\u0131l\u0131\u00e7 Ziraat Oda Ba\u015fkanlar\u0131n\u0131 Gazi Meclisi&#8217;nde A\u011f\u0131rlad\u0131"},"content":{"rendered":"<p>Milletvekili Faruk K\u0131l\u0131\u00e7 yap\u0131lan g\u00f6r\u00fc\u015fmeye ili\u015fkin yapt\u0131\u011f\u0131 a\u00e7\u0131klamada, &#8220;Ziraat Odas\u0131 Ba\u015fkanlar\u0131m\u0131zla Gazi Meclisimizde bir araya gelerek verimli bir isti\u015fare ger\u00e7ekle\u015ftirdik. Mardin\u2019imizin tar\u0131msal potansiyelini daha ileriye ta\u015f\u0131mak, \u00fcreticilerimizin kar\u015f\u0131la\u015ft\u0131\u011f\u0131 sorunlara kal\u0131c\u0131 \u00e7\u00f6z\u00fcmler \u00fcretmek ve k\u0131rsal kalk\u0131nmay\u0131 g\u00fc\u00e7lendirmek ad\u0131na \u00f6nemli de\u011ferlendirmelerde bulunduk. Bu anlamda tar\u0131m\u0131n s\u00fcrd\u00fcr\u00fclebilirli\u011fi, \u00fcreticilerimizin eme\u011finin korunmas\u0131 ve b\u00f6lge ekonomimizin g\u00fc\u00e7lenmesi i\u00e7in ortak ak\u0131l ve i\u015f birli\u011fiyle \u00e7al\u0131\u015fmalar\u0131m\u0131z\u0131 s\u00fcrd\u00fcrece\u011fiz. Mardin\u2019imizin tar\u0131msal gelece\u011fini birlikte \u015fekillendirme kararl\u0131l\u0131\u011f\u0131yla, \u00fcreticilerimizin her zaman yan\u0131nda olmaya devam edece\u011fiz. Nazik ziyaretleri ve k\u0131ymetli katk\u0131lar\u0131 i\u00e7in kendilerine te\u015fekk\u00fcr ediyor, \u00e7al\u0131\u015fmalar\u0131nda ba\u015far\u0131lar diliyorum.&#8221; Dedi.<\/p>\n<p><img fetchpriority=\"high\" decoding=\"async\" class=\"alignnone size-medium wp-image-113178\" src=\"https:\/\/mardinhaberyolu.com\/wp-content\/uploads\/2026\/04\/IMG-20260418-WA0048-300x225.jpg\" alt=\"\" width=\"300\" height=\"225\" srcset=\"https:\/\/mardinhaberyolu.com\/wp-content\/uploads\/2026\/04\/IMG-20260418-WA0048-300x225.jpg 300w, https:\/\/mardinhaberyolu.com\/wp-content\/uploads\/2026\/04\/IMG-20260418-WA0048-1024x768.jpg 1024w, https:\/\/mardinhaberyolu.com\/wp-content\/uploads\/2026\/04\/IMG-20260418-WA0048-768x576.jpg 768w, https:\/\/mardinhaberyolu.com\/wp-content\/uploads\/2026\/04\/IMG-20260418-WA0048-1536x1152.jpg 1536w, https:\/\/mardinhaberyolu.com\/wp-content\/uploads\/2026\/04\/IMG-20260418-WA0048.jpg 1600w\" sizes=\"(max-width: 300px) 100vw, 300px\" \/><\/p>\n<p>Haber Merkez\u015f<\/p>\n","protected":false},"excerpt":{"rendered":"<p>AK Parti Mardin Milletvekili Faruk K\u0131l\u0131\u00e7 ziraat oda ba\u015fkanlar\u0131n\u0131 TBMM Gazi Meclisi&#8217;nde a\u011f\u0131rlayarak, Mardin&#8217;in tar\u0131msal potansiyeli \u00fczerine verimli bir g\u00f6r\u00fc\u015fme ger\u00e7ekle\u015ftirdiler.<\/p>\n","protected":false},"author":1,"featured_media":113177,"comment_status":"open","ping_status":"open","sticky":false,"template":"","format":"standard","meta":{"footnotes":""},"categories":[3,4,9,18,30],"tags":[],"class_list":["post-113176","post","type-post","status-publish","format-standard","has-post-thumbnail","hentry","category-guncel","category-manset","category-mardin","category-toplumsal-yasam-gundem","category-ust-manset"],"_links":{"self":[{"href":"https:\/\/mardinhaberyolu.com\/index.php?rest_route=\/wp\/v2\/posts\/113176","targetHints":{"allow":["GET"]}}],"collection":[{"href":"https:\/\/mardinhaberyolu.com\/index.php?rest_route=\/wp\/v2\/posts"}],"about":[{"href":"https:\/\/mardinhaberyolu.com\/index.php?rest_route=\/wp\/v2\/types\/post"}],"author":[{"embeddable":true,"href":"https:\/\/mardinhaberyolu.com\/index.php?rest_route=\/wp\/v2\/users\/1"}],"replies":[{"embeddable":true,"href":"https:\/\/mardinhaberyolu.com\/index.php?rest_route=%2Fwp%2Fv2%2Fcomments&post=113176"}],"version-history":[{"count":1,"href":"https:\/\/mardinhaberyolu.com\/index.php?rest_route=\/wp\/v2\/posts\/113176\/revisions"}],"predecessor-version":[{"id":113179,"href":"https:\/\/mardinhaberyolu.com\/index.php?rest_route=\/wp\/v2\/posts\/113176\/revisions\/113179"}],"wp:featuredmedia":[{"embeddable":true,"href":"https:\/\/mardinhaberyolu.com\/index.php?rest_route=\/wp\/v2\/media\/113177"}],"wp:attachment":[{"href":"https:\/\/mardinhaberyolu.com\/index.php?rest_route=%2Fwp%2Fv2%2Fmedia&parent=113176"}],"wp:term":[{"taxonomy":"category","embeddable":true,"href":"https:\/\/mardinhaberyolu.com\/index.php?rest_route=%2Fwp%2Fv2%2Fcategories&post=113176"},{"taxonomy":"post_tag","embeddable":true,"href":"https:\/\/mardinhaberyolu.com\/index.php?rest_route=%2Fwp%2Fv2%2Ftags&post=113176"}],"curies":[{"name":"wp","href":"https:\/\/api.w.org\/{rel}","templated":true}]}}