{"id":113173,"date":"2026-04-18T14:55:15","date_gmt":"2026-04-18T14:55:15","guid":{"rendered":"https:\/\/mardinhaberyolu.com\/?p=113173"},"modified":"2026-04-18T14:55:15","modified_gmt":"2026-04-18T14:55:15","slug":"gulistan-doku-sorusturmasinda-tuncay-sonelin-korumasi-tutuklandi","status":"publish","type":"post","link":"https:\/\/mardinhaberyolu.com\/?p=113173","title":{"rendered":"G\u00fclistan Doku soru\u015fturmas\u0131nda Tuncay Sonel&#8217;in korumas\u0131 tutukland\u0131"},"content":{"rendered":"<p>&nbsp;<\/p>\n<p>Munzur \u00dcniversitesi \u00f6\u011frencisi G\u00fclistan Doku, 5 Ocak 2020&#8217;den beri Tunceli&#8217;de kendisinden haber al\u0131nam\u0131yor.<\/p>\n<p>&nbsp;<\/p>\n<p>Dosya uzun y\u0131llar &#8216;kay\u0131p&#8217; olarak i\u015flem g\u00f6rse de, son d\u00f6nemde cinayet \u015f\u00fcphesiyle yeniden a\u00e7\u0131ld\u0131.<\/p>\n<p>&nbsp;<\/p>\n<p>DOSYA, S\u0130L\u0130NEN KAYITLARLA YEN\u0130DEN DETAYLANDIRILDI<\/p>\n<p>&nbsp;<\/p>\n<p>Soru\u015fturmada, delil karartma iddialar\u0131, silinen HTS kay\u0131tlar\u0131, WhatsApp ve sosyal medya mesajla\u015fmalar\u0131 ile kamera g\u00f6r\u00fcnt\u00fcleri gibi unsurlar yeniden ve daha detayl\u0131 \u015fekilde g\u00fcndeme geldi.<\/p>\n<p>&nbsp;<\/p>\n<p>Aile, \u00f6zellikle d\u00f6nemin Tunceli Valisi Tuncay Sonel&#8217;in o\u011flu Mustafa T\u00fcrkay Sonel ve yak\u0131n \u00e7evresini i\u015faret etti.<\/p>\n<p>&nbsp;<\/p>\n<p>13 \u015e\u00dcPHEL\u0130 G\u00d6ZALTINA ALINDI<\/p>\n<p>&nbsp;<\/p>\n<p>Ablas\u0131 Ayg\u00fcl Doku, yeni ihbarlar geldi\u011fini belirterek &#8216;\u00f6rg\u00fctl\u00fc&#8217; bir yap\u0131dan s\u00f6z etti.<\/p>\n<p>&nbsp;<\/p>\n<p>Ge\u00e7ti\u011fimiz haftalarda Tunceli Cumhuriyet Ba\u015fsavc\u0131l\u0131\u011f\u0131&#8217;n\u0131n talimat\u0131yla 7 ilde e\u015f zamanl\u0131 operasyon d\u00fczenlendi.<\/p>\n<p>&nbsp;<\/p>\n<p>Aralar\u0131nda Doku&#8217;nun eski erkek arkada\u015f\u0131 Zeinal Abakarov, Sonel&#8217;in o\u011flu Mustafa T\u00fcrkay Sonel, d\u00f6nemin vali korumas\u0131 \u015e\u00fckr\u00fc Ero\u011flu, ihra\u00e7 polis G\u00f6khan Ertok ve di\u011fer \u015f\u00fcphelilerin bulundu\u011fu 13 ki\u015fi g\u00f6zalt\u0131na al\u0131nd\u0131.<\/p>\n<p>&nbsp;<\/p>\n<p>VAL\u0130 &#8216;S\u0130L\u0130N D\u0130YE&#8217; TAL\u0130MAT VERD\u0130&#8221;<\/p>\n<p>&nbsp;<\/p>\n<p>\u0130ddialar aras\u0131nda &#8216;kasten \u00f6ld\u00fcrme&#8217; ve &#8216;su\u00e7 delillerini yok etme, gizleme veya de\u011fi\u015ftirme&#8217; su\u00e7lar\u0131 bulunuyor.<\/p>\n<p>&nbsp;<\/p>\n<p>\u0130hra\u00e7 polis G\u00f6khan Ertok, G\u00fclistan Doku&#8217;ya ait SIM kart\u0131n kendisine \u015e\u00fckr\u00fc Ero\u011flu taraf\u0131ndan verildi\u011fini ve vali talimat\u0131yla \u00f6nemli verilerin silindi\u011fini iddia ederek tutukland\u0131.<\/p>\n<p>&nbsp;<\/p>\n<p>VAL\u0130 \u00d6NCE G\u00d6ZALTINA, SONRA A\u00c7I\u011eA ALINDI<\/p>\n<p>&nbsp;<\/p>\n<p>Bu ifadeler, soru\u015fturman\u0131n d\u00f6nemin valilik \u00e7evresine de uzanmas\u0131n\u0131 sa\u011flad\u0131.<\/p>\n<p>&nbsp;<\/p>\n<p>\u0130\u00e7i\u015fleri Bakanl\u0131\u011f\u0131, iddialar \u00fczerine Tuncay Sonel hakk\u0131nda soru\u015fturma ba\u015flatt\u0131, hala m\u00fclkiye ba\u015fm\u00fcfetti\u015fi olan Sonel a\u00e7\u0131\u011fa al\u0131nd\u0131 ve Elaz\u0131\u011f&#8217;da g\u00f6zalt\u0131na al\u0131nd\u0131.<\/p>\n<p>&nbsp;<\/p>\n<p>Soru\u015fturma kapsam\u0131nda Tunceli Devlet Hastanesi eski ba\u015fhekimi de g\u00f6zalt\u0131na al\u0131nd\u0131.<\/p>\n<p>&nbsp;<\/p>\n<p>VAL\u0130N\u0130N YAKIN KORUMASI TUTUKLANDI<\/p>\n<p>&nbsp;<\/p>\n<p>Soru\u015fturmas\u0131nda \u00f6nemli bir geli\u015fme daha ya\u015fand\u0131.<\/p>\n<p>&nbsp;<\/p>\n<p>Tunceli eski Valisi Tuncay Sonel&#8217;in yak\u0131n korumas\u0131 olan \u015e\u00fckr\u00fc Ero\u011flu, savc\u0131l\u0131k ifadesinin ard\u0131ndan tutukland\u0131.<\/p>\n<p>&nbsp;<\/p>\n<p>\u015e\u00fckr\u00fc Ero\u011flu, g\u00f6zalt\u0131na al\u0131nan 13 \u015f\u00fcpheliden biriydi.<\/p>\n<p>&nbsp;<\/p>\n<p>KARTI KORUMANIN VERD\u0130\u011e\u0130N\u0130 S\u00d6YLEM\u0130\u015eT\u0130<\/p>\n<p>&nbsp;<\/p>\n<p>\u0130hra\u00e7 polis G\u00f6khan Ertok&#8217;un ifadelerinde, G\u00fclistan Doku&#8217;ya ait SIM kart\u0131, Ero\u011flu&#8217;nun kendisine verdi\u011fi \u00f6ne s\u00fcrd\u00fc.<\/p>\n<p>&nbsp;<\/p>\n<p>Ero\u011flu&#8217;nun yan\u0131 s\u0131ra Sonel&#8217;in o\u011flu Mustafa T\u00fcrkay Sonel de adliyeye sevk edildi; sorgular\u0131 devam ediyor.<\/p>\n<p>&nbsp;<\/p>\n<p>Adliyeye sevk edilen zanl\u0131lardan 6&#8217;s\u0131 daha tutuklan\u0131rken, toplam tutuklu say\u0131s\u0131 8&#8217;e y\u00fckseldi.<\/p>\n<p>&nbsp;<\/p>\n<p>Baz\u0131 \u015f\u00fcpheliler ise adli kontrol \u015fart\u0131yla serbest b\u0131rak\u0131ld\u0131.<\/p>\n<p>Haber Merkezi<\/p>\n","protected":false},"excerpt":{"rendered":"<p>G\u00fclistan Doku soru\u015fturmas\u0131nda, d\u00f6nemin Tunceli Valisi Tuncay Sonel&#8217;in yak\u0131n korumas\u0131 \u015e\u00fckr\u00fc Ero\u011flu, ihra\u00e7 polis G\u00f6khan Ertok&#8217;un i\u00e7indeki verileri temizlemek \u00fczere Doku&#8217;nun SIM kart\u0131n\u0131 kendisine verdi\u011fi iddialar\u0131n\u0131n \u00fczerine, tutukland\u0131. Tutuklu say\u0131s\u0131 9&#8217;a y\u00fckseldi.<\/p>\n","protected":false},"author":1,"featured_media":113174,"comment_status":"open","ping_status":"open","sticky":false,"template":"","format":"standard","meta":{"footnotes":""},"categories":[3,4,9,18,30],"tags":[],"class_list":["post-113173","post","type-post","status-publish","format-standard","has-post-thumbnail","hentry","category-guncel","category-manset","category-mardin","category-toplumsal-yasam-gundem","category-ust-manset"],"_links":{"self":[{"href":"https:\/\/mardinhaberyolu.com\/index.php?rest_route=\/wp\/v2\/posts\/113173","targetHints":{"allow":["GET"]}}],"collection":[{"href":"https:\/\/mardinhaberyolu.com\/index.php?rest_route=\/wp\/v2\/posts"}],"about":[{"href":"https:\/\/mardinhaberyolu.com\/index.php?rest_route=\/wp\/v2\/types\/post"}],"author":[{"embeddable":true,"href":"https:\/\/mardinhaberyolu.com\/index.php?rest_route=\/wp\/v2\/users\/1"}],"replies":[{"embeddable":true,"href":"https:\/\/mardinhaberyolu.com\/index.php?rest_route=%2Fwp%2Fv2%2Fcomments&post=113173"}],"version-history":[{"count":1,"href":"https:\/\/mardinhaberyolu.com\/index.php?rest_route=\/wp\/v2\/posts\/113173\/revisions"}],"predecessor-version":[{"id":113175,"href":"https:\/\/mardinhaberyolu.com\/index.php?rest_route=\/wp\/v2\/posts\/113173\/revisions\/113175"}],"wp:featuredmedia":[{"embeddable":true,"href":"https:\/\/mardinhaberyolu.com\/index.php?rest_route=\/wp\/v2\/media\/113174"}],"wp:attachment":[{"href":"https:\/\/mardinhaberyolu.com\/index.php?rest_route=%2Fwp%2Fv2%2Fmedia&parent=113173"}],"wp:term":[{"taxonomy":"category","embeddable":true,"href":"https:\/\/mardinhaberyolu.com\/index.php?rest_route=%2Fwp%2Fv2%2Fcategories&post=113173"},{"taxonomy":"post_tag","embeddable":true,"href":"https:\/\/mardinhaberyolu.com\/index.php?rest_route=%2Fwp%2Fv2%2Ftags&post=113173"}],"curies":[{"name":"wp","href":"https:\/\/api.w.org\/{rel}","templated":true}]}}