{"id":113166,"date":"2026-04-18T14:36:35","date_gmt":"2026-04-18T14:36:35","guid":{"rendered":"https:\/\/mardinhaberyolu.com\/?p=113166"},"modified":"2026-04-18T14:49:38","modified_gmt":"2026-04-18T14:49:38","slug":"derikte-okul-guvenligi-ve-koordinasyon-toplantisi-gerceklestirildi","status":"publish","type":"post","link":"https:\/\/mardinhaberyolu.com\/?p=113166","title":{"rendered":"Derik&#8217;te \u2018Okul G\u00fcvenli\u011fi ve Koordinasyon toplant\u0131s\u0131\u2019 ger\u00e7ekle\u015ftirildi"},"content":{"rendered":"<p>\u0130\u00e7i\u015fleri Bakanl\u0131\u011f\u0131 ve Mill\u00ee E\u011fitim Bakanl\u0131\u011f\u0131n\u0131n koordinasyonunda, 81 il valisinin kat\u0131l\u0131m\u0131yla ger\u00e7ekle\u015ftirilen toplant\u0131 kapsam\u0131nda, Mardin Valisi Tuncay Akkoyun koordinasyonunda Derik\u2019te \u201cOkul G\u00fcvenli\u011fi ve Koordinasyon Toplant\u0131s\u0131\u201d ger\u00e7ekle\u015ftirildi. \u0130l\u00e7enin Cevizp\u0131nar Mahallesinde bulunan K\u00fclt\u00fcr Merkezi konferans salonunda yap\u0131lan toplant\u0131ya Derik kaymakam\u0131 Yunus Emre Bayrakl\u0131, \u0130l\u00e7e Milli E\u011fitim M\u00fcd\u00fcr\u00fc Cengiz K\u0131l\u0131\u00e7,\u0130l\u00e7e Jandarma Komutan\u0131 Binba\u015f\u0131 \u0130lker Karaalp,\u0130l\u00e7e Emniyet M\u00fcd\u00fcr\u00fc Fatih Nazif \u00d6zbay,Merkez ve K\u0131rsal Mahalle Okul M\u00fcd\u00fcrlerinin yan\u0131 s\u0131ra Merkez karakol amirleri ve K\u0131rsal Mahalle karakol komutanlar\u0131 kat\u0131ld\u0131.<\/p>\n<p><img fetchpriority=\"high\" decoding=\"async\" class=\"alignnone size-medium wp-image-113168\" src=\"https:\/\/mardinhaberyolu.com\/wp-content\/uploads\/2026\/04\/IMG-20260418-WA0035-300x200.jpg\" alt=\"\" width=\"300\" height=\"200\" srcset=\"https:\/\/mardinhaberyolu.com\/wp-content\/uploads\/2026\/04\/IMG-20260418-WA0035-300x200.jpg 300w, https:\/\/mardinhaberyolu.com\/wp-content\/uploads\/2026\/04\/IMG-20260418-WA0035-1024x682.jpg 1024w, https:\/\/mardinhaberyolu.com\/wp-content\/uploads\/2026\/04\/IMG-20260418-WA0035-768x512.jpg 768w, https:\/\/mardinhaberyolu.com\/wp-content\/uploads\/2026\/04\/IMG-20260418-WA0035-1536x1023.jpg 1536w, https:\/\/mardinhaberyolu.com\/wp-content\/uploads\/2026\/04\/IMG-20260418-WA0035.jpg 1600w\" sizes=\"(max-width: 300px) 100vw, 300px\" \/><\/p>\n<p>Derik Kaymakam\u0131 Yunus Emre Bayrakl\u0131,\u2019\u0130l\u00e7edeki t\u00fcm okullarda \u00f6\u011frencilerin huzur i\u00e7erisinde e\u011fitim g\u00f6rebilmeleri i\u00e7in gerekli \u00e7al\u0131\u015fmalar\u0131 yapt\u0131klar\u0131n\u0131,\u015eanl\u0131urfa ve Kahramanmara\u015f\u2019ta ya\u015fanan menfur olayda hayat\u0131n\u0131 kaybeden \u00f6\u011fretmen ve \u00f6\u011frencilere Allah\u2019tan rahmet,yaral\u0131lara da acil \u015fifalar dilediklerini\u2019 ifade etti.<\/p>\n<p><img decoding=\"async\" class=\"alignnone size-medium wp-image-113169\" src=\"https:\/\/mardinhaberyolu.com\/wp-content\/uploads\/2026\/04\/IMG-20260418-WA0034-300x144.jpg\" alt=\"\" width=\"300\" height=\"144\" srcset=\"https:\/\/mardinhaberyolu.com\/wp-content\/uploads\/2026\/04\/IMG-20260418-WA0034-300x144.jpg 300w, https:\/\/mardinhaberyolu.com\/wp-content\/uploads\/2026\/04\/IMG-20260418-WA0034-1024x493.jpg 1024w, https:\/\/mardinhaberyolu.com\/wp-content\/uploads\/2026\/04\/IMG-20260418-WA0034-768x370.jpg 768w, https:\/\/mardinhaberyolu.com\/wp-content\/uploads\/2026\/04\/IMG-20260418-WA0034-1536x739.jpg 1536w, https:\/\/mardinhaberyolu.com\/wp-content\/uploads\/2026\/04\/IMG-20260418-WA0034.jpg 1600w\" sizes=\"(max-width: 300px) 100vw, 300px\" \/><\/p>\n<p>EMRULLAH KARAKA\u015e-MARD\u0130N HABERYOLU<\/p>\n","protected":false},"excerpt":{"rendered":"<p>Derik \u0130l\u00e7esinde,\u2019Okul G\u00fcvenli\u011fi ve Koordinasyon Toplant\u0131s\u0131\u2019yap\u0131ld\u0131.\u00a0<\/p>\n","protected":false},"author":1,"featured_media":113167,"comment_status":"open","ping_status":"open","sticky":false,"template":"","format":"standard","meta":{"footnotes":""},"categories":[16,3,4,9,30],"tags":[],"class_list":["post-113166","post","type-post","status-publish","format-standard","has-post-thumbnail","hentry","category-egitim","category-guncel","category-manset","category-mardin","category-ust-manset"],"_links":{"self":[{"href":"https:\/\/mardinhaberyolu.com\/index.php?rest_route=\/wp\/v2\/posts\/113166","targetHints":{"allow":["GET"]}}],"collection":[{"href":"https:\/\/mardinhaberyolu.com\/index.php?rest_route=\/wp\/v2\/posts"}],"about":[{"href":"https:\/\/mardinhaberyolu.com\/index.php?rest_route=\/wp\/v2\/types\/post"}],"author":[{"embeddable":true,"href":"https:\/\/mardinhaberyolu.com\/index.php?rest_route=\/wp\/v2\/users\/1"}],"replies":[{"embeddable":true,"href":"https:\/\/mardinhaberyolu.com\/index.php?rest_route=%2Fwp%2Fv2%2Fcomments&post=113166"}],"version-history":[{"count":3,"href":"https:\/\/mardinhaberyolu.com\/index.php?rest_route=\/wp\/v2\/posts\/113166\/revisions"}],"predecessor-version":[{"id":113172,"href":"https:\/\/mardinhaberyolu.com\/index.php?rest_route=\/wp\/v2\/posts\/113166\/revisions\/113172"}],"wp:featuredmedia":[{"embeddable":true,"href":"https:\/\/mardinhaberyolu.com\/index.php?rest_route=\/wp\/v2\/media\/113167"}],"wp:attachment":[{"href":"https:\/\/mardinhaberyolu.com\/index.php?rest_route=%2Fwp%2Fv2%2Fmedia&parent=113166"}],"wp:term":[{"taxonomy":"category","embeddable":true,"href":"https:\/\/mardinhaberyolu.com\/index.php?rest_route=%2Fwp%2Fv2%2Fcategories&post=113166"},{"taxonomy":"post_tag","embeddable":true,"href":"https:\/\/mardinhaberyolu.com\/index.php?rest_route=%2Fwp%2Fv2%2Ftags&post=113166"}],"curies":[{"name":"wp","href":"https:\/\/api.w.org\/{rel}","templated":true}]}}