{"id":113163,"date":"2026-04-18T14:03:52","date_gmt":"2026-04-18T14:03:52","guid":{"rendered":"https:\/\/mardinhaberyolu.com\/?p=113163"},"modified":"2026-04-18T14:03:52","modified_gmt":"2026-04-18T14:03:52","slug":"vali-akkoyun-asfalt-calismalarini-yerinde-inceledi","status":"publish","type":"post","link":"https:\/\/mardinhaberyolu.com\/?p=113163","title":{"rendered":"Vali Akkoyun Asfalt \u00c7al\u0131\u015fmalar\u0131n\u0131 Yerinde \u0130nceledi"},"content":{"rendered":"<p>Akkoyun\u2019a incelemeleri s\u0131ras\u0131nda Mardin B\u00fcy\u00fck\u015fehir Belediyesi Genel Sekreteri Kemalettin Sakin ile daire ba\u015fkanlar\u0131 e\u015flik etti.<\/p>\n<p>PTT Caddesi\u2019nde y\u00fcr\u00fct\u00fclen asfalt \u00e7al\u0131\u015fmalar\u0131n\u0131 sahada denetleyen Akkoyun, g\u00f6revlilerden \u00e7al\u0131\u015fmalar\u0131n son durumu hakk\u0131nda bilgi ald\u0131. \u0130ncelemeler s\u0131ras\u0131nda, yol yap\u0131m ve yenileme \u00e7al\u0131\u015fmalar\u0131n\u0131n planlanan program \u00e7er\u00e7evesinde s\u00fcrd\u00fcr\u00fcld\u00fc\u011f\u00fc ifade edildi.<\/p>\n<p>Vali Akkoyun, kent genelinde yol yap\u0131m ve bak\u0131m \u00e7al\u0131\u015fmalar\u0131n\u0131n aral\u0131ks\u0131z devam edece\u011fini belirtti.<\/p>\n","protected":false},"excerpt":{"rendered":"<p>Mardin Valisi ve B\u00fcy\u00fck\u015fehir Belediye Ba\u015fkan Vekili Tuncay Akkoyun, Artuklu il\u00e7esinde devam eden asfalt \u00e7al\u0131\u015fmalar\u0131n\u0131 yerinde inceledi.<\/p>\n","protected":false},"author":1,"featured_media":113164,"comment_status":"open","ping_status":"open","sticky":false,"template":"","format":"standard","meta":{"footnotes":""},"categories":[3,4,9,18,30],"tags":[],"class_list":["post-113163","post","type-post","status-publish","format-standard","has-post-thumbnail","hentry","category-guncel","category-manset","category-mardin","category-toplumsal-yasam-gundem","category-ust-manset"],"_links":{"self":[{"href":"https:\/\/mardinhaberyolu.com\/index.php?rest_route=\/wp\/v2\/posts\/113163","targetHints":{"allow":["GET"]}}],"collection":[{"href":"https:\/\/mardinhaberyolu.com\/index.php?rest_route=\/wp\/v2\/posts"}],"about":[{"href":"https:\/\/mardinhaberyolu.com\/index.php?rest_route=\/wp\/v2\/types\/post"}],"author":[{"embeddable":true,"href":"https:\/\/mardinhaberyolu.com\/index.php?rest_route=\/wp\/v2\/users\/1"}],"replies":[{"embeddable":true,"href":"https:\/\/mardinhaberyolu.com\/index.php?rest_route=%2Fwp%2Fv2%2Fcomments&post=113163"}],"version-history":[{"count":1,"href":"https:\/\/mardinhaberyolu.com\/index.php?rest_route=\/wp\/v2\/posts\/113163\/revisions"}],"predecessor-version":[{"id":113165,"href":"https:\/\/mardinhaberyolu.com\/index.php?rest_route=\/wp\/v2\/posts\/113163\/revisions\/113165"}],"wp:featuredmedia":[{"embeddable":true,"href":"https:\/\/mardinhaberyolu.com\/index.php?rest_route=\/wp\/v2\/media\/113164"}],"wp:attachment":[{"href":"https:\/\/mardinhaberyolu.com\/index.php?rest_route=%2Fwp%2Fv2%2Fmedia&parent=113163"}],"wp:term":[{"taxonomy":"category","embeddable":true,"href":"https:\/\/mardinhaberyolu.com\/index.php?rest_route=%2Fwp%2Fv2%2Fcategories&post=113163"},{"taxonomy":"post_tag","embeddable":true,"href":"https:\/\/mardinhaberyolu.com\/index.php?rest_route=%2Fwp%2Fv2%2Ftags&post=113163"}],"curies":[{"name":"wp","href":"https:\/\/api.w.org\/{rel}","templated":true}]}}