{"id":113160,"date":"2026-04-17T17:53:56","date_gmt":"2026-04-17T17:53:56","guid":{"rendered":"https:\/\/mardinhaberyolu.com\/?p=113160"},"modified":"2026-04-17T17:53:56","modified_gmt":"2026-04-17T17:53:56","slug":"baskan-asar-son-5-macta-herkes-yanimizda-olsun","status":"publish","type":"post","link":"https:\/\/mardinhaberyolu.com\/?p=113160","title":{"rendered":"Ba\u015fkan A\u015far: \u201cSon 5 ma\u00e7ta herkes yan\u0131m\u0131zda olsun\u201d"},"content":{"rendered":"<p>Mardin 1969 Spor Kul\u00fcp Ba\u015fkan\u0131 R\u0131dvan A\u015far, Mardin Life YouTube kanal\u0131nda yay\u0131nlanan Gazeteci Kadir \u00dcr\u00fcnd\u00fc\u2019n\u00fcn sundu\u011fu \u201cFutbol G\u00fcndem\u201d program\u0131nda \u00f6nemli a\u00e7\u0131klamalarda bulundu. Tak\u0131m\u0131n sezon ba\u015f\u0131nda kimsenin beklemedi\u011fi bir ba\u015far\u0131ya imza att\u0131\u011f\u0131n\u0131 vurgulayan A\u015far, gelinen noktada \u015fehrin kritik bir e\u015fikte oldu\u011funu ifade etti.<\/p>\n<p>Play-off s\u00fcrecine dikkat \u00e7eken A\u015far, \u201cSezon ba\u015f\u0131nda kimse bu ba\u015far\u0131ya inanm\u0131yordu. \u00c7ok \u015f\u00fck\u00fcr bunu ba\u015fard\u0131k. \u015eimdi play-off\u2019tay\u0131z, son bir ad\u0131m kald\u0131. \u0130n\u015fallah \u015fehrimizin deste\u011fiyle 1. Lig\u2019e \u00e7\u0131kaca\u011f\u0131z\u201d dedi.<br \/>\n\u201cBu sadece futbol de\u011fil, \u015fehrin meselesi\u201d<br \/>\nMardinspor\u2019un ba\u015far\u0131s\u0131n\u0131n yaln\u0131zca sportif bir geli\u015fme olmad\u0131\u011f\u0131n\u0131 belirten A\u015far, \u201cBu sadece futbol de\u011fil, bir \u015fehrin birlikte aya\u011fa kalkma meselesidir. Bu s\u00fcre\u00e7te kimlerin ta\u015f\u0131n alt\u0131na elini koydu\u011fu unutulmayacak\u201d ifadelerini kulland\u0131. \u015eehirdeki i\u015f insanlar\u0131na ve kurumlara da \u00e7a\u011fr\u0131da bulunan A\u015far, destek verenlerle sadece izleyenlerin net \u015fekilde g\u00f6r\u00fcld\u00fc\u011f\u00fcn\u00fc s\u00f6yledi.<br \/>\nTesisle\u015fme vurgusu<br \/>\nKul\u00fcb\u00fcn en b\u00fcy\u00fck eksiklerinden birinin tesisle\u015fme oldu\u011funu dile getiren A\u015far, mevcut \u015fartlar\u0131n yetersizli\u011fine dikkat \u00e7ekti. Futbolcular\u0131n konaklama sorunlar\u0131 ya\u015fad\u0131\u011f\u0131n\u0131 belirten A\u015far, \u201cTesis sahadan daha \u00f6nemli. \u00dcst liglerde kal\u0131c\u0131 olmak istiyorsak \u00f6nce altyap\u0131 ve tesisle\u015fmeyi tamamlamal\u0131y\u0131z\u201d dedi.<br \/>\nBu s\u00fcre\u00e7te Tuncay Akkoyun\u2019un desteklerine te\u015fekk\u00fcr eden A\u015far, antrenman sahas\u0131n\u0131n kazand\u0131r\u0131ld\u0131\u011f\u0131n\u0131 ancak tesis binas\u0131 i\u00e7in \u00e7al\u0131\u015fmalar\u0131n s\u00fcrd\u00fc\u011f\u00fcn\u00fc ifade etti.<br \/>\n\u201cFutbol bacas\u0131z fabrikad\u0131r\u201d<br \/>\nFutbolun \u015fehir ekonomisine katk\u0131 sa\u011flad\u0131\u011f\u0131n\u0131 belirten A\u015far, \u201cFutbol bacas\u0131z fabrikad\u0131r. Esnaf kazan\u0131r, gen\u00e7ler kazan\u0131r. Bir \u015fehrin marka de\u011ferini y\u00fckseltmek i\u00e7in en b\u00fcy\u00fck g\u00fc\u00e7 futboldur\u201d diye konu\u015ftu.<br \/>\nSiyaset ve \u015fehir dinamiklerine \u00e7a\u011fr\u0131<br \/>\nT\u00fcm siyasi partilere ve yerel dinamiklere seslenen A\u015far, play-off s\u00fcrecinde herkesin tak\u0131m\u0131n etraf\u0131nda birle\u015fmesi gerekti\u011fini vurgulad\u0131. \u201cBeni sevmeyenler olabilir ama gelsinler trib\u00fcnde tak\u0131m\u0131n yan\u0131nda dursunlar. Mardinspor bu \u015fehrin \u015ferefidir\u201d dedi.<br \/>\n\u201cKayyum tak\u0131m\u0131 s\u00f6ylemi bizi \u00fcz\u00fcyor\u201d<br \/>\nKul\u00fcp hakk\u0131nda yap\u0131lan \u201ckayyum tak\u0131m\u0131\u201d s\u00f6ylemlerine de de\u011finen A\u015far, bu ifadelerin kendilerini rahats\u0131z etti\u011fini belirterek, kul\u00fcb\u00fcn t\u00fcm Mardin halk\u0131na ait oldu\u011funu s\u00f6yledi.<br \/>\nTaraftara kritik \u00e7a\u011fr\u0131<br \/>\nSezonun en \u00f6nemli viraj\u0131na girildi\u011fini ifade eden A\u015far, taraftarlara \u00f6zel \u00e7a\u011fr\u0131da bulundu:<br \/>\n\u201c\u00d6n\u00fcm\u00fczde 5 ma\u00e7l\u0131k bir s\u00fcre\u00e7 var. Ba\u015fta Mardin \u00c7ar\u015f\u0131 olmak \u00fczere t\u00fcm taraftarlar\u0131m\u0131z\u0131 yan\u0131m\u0131zda g\u00f6rmek istiyoruz. Bu tak\u0131m buraya sadece maddi destekle de\u011fil, inan\u00e7 ve kenetlenmeyle geldi. Bu 5 ma\u00e7ta birlik olal\u0131m.\u201d<br \/>\nTak\u0131m\u0131n karakterli bir oyuncu grubu ve teknik heyete sahip oldu\u011funu da vurgulayan A\u015far, bug\u00fcne kadar futbolcular\u0131n maddi konular\u0131 g\u00fcndeme getirmedi\u011fini belirterek, \u201cTaraftar\u0131m\u0131z yan\u0131m\u0131zda olursa her \u015feyi a\u015far\u0131z\u201d dedi.<br \/>\nMardin 1969 Spor\u2019un hedefinin 1. Lig oldu\u011funu yineleyen A\u015far, \u201cBu tak\u0131m sadece birka\u00e7 ki\u015finin de\u011fil, t\u00fcm Mardin\u2019indir. G\u00fczel g\u00fcnler bizim olacak. Yeter ki bir olal\u0131m. \u00c7\u00fcnk\u00fc ba\u015fka Mardinspor yok\u201d ifadeleriyle s\u00f6zlerini tamamlad\u0131.<\/p>\n","protected":false},"excerpt":{"rendered":"<p>Mardin 1969 Spor Kul\u00fcp Ba\u015fkan\u0131 R\u0131dvan A\u015far, play-off s\u00fcreci \u00f6ncesi yapt\u0131\u011f\u0131 a\u00e7\u0131klamalarda \u015fehirde birlik \u00e7a\u011fr\u0131s\u0131 yaparak, \u201cBu ba\u015far\u0131 hik\u00e2yesinde kimin nerede durdu\u011fu unutulmayacak\u201d dedi.<\/p>\n","protected":false},"author":1,"featured_media":113161,"comment_status":"open","ping_status":"open","sticky":false,"template":"","format":"standard","meta":{"footnotes":""},"categories":[4,9,7,30],"tags":[],"class_list":["post-113160","post","type-post","status-publish","format-standard","has-post-thumbnail","hentry","category-manset","category-mardin","category-spor","category-ust-manset"],"_links":{"self":[{"href":"https:\/\/mardinhaberyolu.com\/index.php?rest_route=\/wp\/v2\/posts\/113160","targetHints":{"allow":["GET"]}}],"collection":[{"href":"https:\/\/mardinhaberyolu.com\/index.php?rest_route=\/wp\/v2\/posts"}],"about":[{"href":"https:\/\/mardinhaberyolu.com\/index.php?rest_route=\/wp\/v2\/types\/post"}],"author":[{"embeddable":true,"href":"https:\/\/mardinhaberyolu.com\/index.php?rest_route=\/wp\/v2\/users\/1"}],"replies":[{"embeddable":true,"href":"https:\/\/mardinhaberyolu.com\/index.php?rest_route=%2Fwp%2Fv2%2Fcomments&post=113160"}],"version-history":[{"count":1,"href":"https:\/\/mardinhaberyolu.com\/index.php?rest_route=\/wp\/v2\/posts\/113160\/revisions"}],"predecessor-version":[{"id":113162,"href":"https:\/\/mardinhaberyolu.com\/index.php?rest_route=\/wp\/v2\/posts\/113160\/revisions\/113162"}],"wp:featuredmedia":[{"embeddable":true,"href":"https:\/\/mardinhaberyolu.com\/index.php?rest_route=\/wp\/v2\/media\/113161"}],"wp:attachment":[{"href":"https:\/\/mardinhaberyolu.com\/index.php?rest_route=%2Fwp%2Fv2%2Fmedia&parent=113160"}],"wp:term":[{"taxonomy":"category","embeddable":true,"href":"https:\/\/mardinhaberyolu.com\/index.php?rest_route=%2Fwp%2Fv2%2Fcategories&post=113160"},{"taxonomy":"post_tag","embeddable":true,"href":"https:\/\/mardinhaberyolu.com\/index.php?rest_route=%2Fwp%2Fv2%2Ftags&post=113160"}],"curies":[{"name":"wp","href":"https:\/\/api.w.org\/{rel}","templated":true}]}}