{"id":113153,"date":"2026-04-17T17:43:46","date_gmt":"2026-04-17T17:43:46","guid":{"rendered":"https:\/\/mardinhaberyolu.com\/?p=113153"},"modified":"2026-04-17T17:45:22","modified_gmt":"2026-04-17T17:45:22","slug":"kiziltepe-egitim-birsenden-okullara-saldirilar-da-hsyatlarini-kaybeden-ogrenciler-icin-giyabi-cenaze-namazi","status":"publish","type":"post","link":"https:\/\/mardinhaberyolu.com\/?p=113153","title":{"rendered":"K\u0131z\u0131ltepe E\u011fitim Birsen&#8217;den &#8220;Okullara Sald\u0131r\u0131lar&#8221; da Hayatlar\u0131n\u0131 Kaybeden \u00d6\u011frenciler \u0130\u00e7in Giyabi Cenaze Namaz\u0131"},"content":{"rendered":"<p>Ba\u015fkan Tar\u0131k Y\u0131lmaz, a\u00e7\u0131klamada &#8220;K\u0131ymetli karde\u015flerim, Bug\u00fcn burada y\u00fcrekleri yakan sald\u0131r\u0131lar\u0131n ard\u0131ndan Kahramanmara\u015f ve \u015eanl\u0131urfa\u2019da \u015fehit d\u00fc\u015fen \u00f6\u011fretmenimiz ve \u00f6\u011frencilerimiz i\u00e7in bir araya geldik. Rabbimizden niyaz\u0131m\u0131z onlar\u0131 rahmetiyle ku\u015fatmas\u0131, geride kalanlara sab\u0131r ihsan etmesidir&#8221; temennisinde bulunduktan sonra a\u00e7\u0131klaman\u0131n kalan k\u0131sm\u0131n\u0131n okudu:<\/p>\n<p><img fetchpriority=\"high\" decoding=\"async\" class=\"alignnone size-medium wp-image-113155\" src=\"https:\/\/mardinhaberyolu.com\/wp-content\/uploads\/2026\/04\/IMG-20260417-WA0027-265x300.jpg\" alt=\"\" width=\"265\" height=\"300\" srcset=\"https:\/\/mardinhaberyolu.com\/wp-content\/uploads\/2026\/04\/IMG-20260417-WA0027-265x300.jpg 265w, https:\/\/mardinhaberyolu.com\/wp-content\/uploads\/2026\/04\/IMG-20260417-WA0027-905x1024.jpg 905w, https:\/\/mardinhaberyolu.com\/wp-content\/uploads\/2026\/04\/IMG-20260417-WA0027-768x869.jpg 768w, https:\/\/mardinhaberyolu.com\/wp-content\/uploads\/2026\/04\/IMG-20260417-WA0027.jpg 1125w\" sizes=\"(max-width: 265px) 100vw, 265px\" \/><\/p>\n<p>Bulundu\u011fumuz bu m\u00fcbarek mekan\u0131n mehabetine yak\u0131\u015f\u0131r bir vakarla hareket ediyoruz. Bizler, ac\u0131y\u0131 payla\u015farak hafifleten bir anlay\u0131\u015f\u0131n temsilcileriyiz.<br \/>\nBug\u00fcn burada, kaybetti\u011fimiz canlar i\u00e7in g\u0131yabi cenaze namaz\u0131 k\u0131l\u0131yoruz, ayn\u0131 zamanda dualar\u0131m\u0131zla kaybetti\u011fimiz canlar\u0131 Rabbimize emanet ediyoruz. Bu vesileyle, e\u011fitimin ve \u00f6\u011fretmenin de\u011ferini her f\u0131rsatta hat\u0131rlatan Diyanet yetkililerine te\u015fekk\u00fcr ediyoruz. Zira dinimizin ilk emri \u201cOku\u201ddur. \u00d6\u011fretmenlik, peygamber mesle\u011fidir. Hz. Ali\u2019nin \u201cBana bir harf \u00f6\u011fretenin k\u0131rk y\u0131l k\u00f6lesi olurum.\u201d s\u00f6z\u00fc ilme ve \u00f6\u011fretmene verilen de\u011ferin en g\u00fc\u00e7l\u00fc ifadesidir.<br \/>\nK\u0131ymetli dostlar,<br \/>\nE\u011fitimciler olarak 3 g\u00fcn i\u015f b\u0131rakarak okullar\u0131m\u0131z\u0131n g\u00fcvenli\u011fi konusunda gerekli \u00f6nlemlerin al\u0131nmas\u0131n\u0131 ve sanal ortamlar\u0131n takip edilmesini ve okullar\u0131m\u0131za sahip \u00e7\u0131k\u0131lmas\u0131 konusunda hassasiyetimizin i\u015fitilmesini sa\u011flamaya \u00e7al\u0131\u015ft\u0131k.<br \/>\nNitekim verdi\u011fimiz mesajlar\u0131n kar\u015f\u0131l\u0131k bulmaya ba\u015flad\u0131\u011f\u0131n\u0131, \u015fiddete kar\u015f\u0131 \u00e7ok y\u00f6nl\u00fc baz\u0131 tedbirlerin al\u0131nd\u0131\u011f\u0131n\u0131 ve yenilerinin de al\u0131naca\u011f\u0131n\u0131 g\u00f6rmekteyiz. Devletimizin dijital batakl\u0131klar\u0131n kurutulmas\u0131 i\u00e7in verdi\u011fi m\u00fccadeleyi destekliyor, eme\u011fi ge\u00e7enlere te\u015fekk\u00fcr ediyoruz.<br \/>\nE\u011fitim \u00e7al\u0131\u015fanlar\u0131 olarak bizler, \u00e7ocuklar\u0131m\u0131z\u0131 ve okullar\u0131m\u0131z\u0131 asla yaln\u0131z b\u0131rakmayaca\u011f\u0131z. Her zamankinden \u00e7ok daha b\u00fcy\u00fck bir co\u015fku ve istekle okullar\u0131m\u0131zda g\u00f6revimizin ba\u015f\u0131nda olaca\u011f\u0131z. Okullar\u0131m\u0131za sahip \u00e7\u0131kmaya \u015fer odaklar\u0131n\u0131n kirli oyunlar\u0131 kar\u015f\u0131s\u0131nda dimdik durmaya devam edece\u011fiz.<br \/>\n\u00d6zellikle dijital ter\u00f6r\u00fcn getirdi\u011fi tehditlere kar\u015f\u0131 toplumun t\u00fcm kesimlerinin \u00fczerine d\u00fc\u015fen g\u00f6revlerin alt\u0131n\u0131 \u00e7iziyoruz. Sanal d\u00fcnyadaki kirli oyunlar\u0131n y\u00f6nlendirdi\u011fi sald\u0131r\u0131lar kar\u015f\u0131s\u0131nda herkesi \u00e7ocuklar\u0131m\u0131za, okullar\u0131m\u0131za ve e\u011fitim \u00e7al\u0131\u015fanlar\u0131m\u0131za sahip \u00e7\u0131kmaya davet ediyoruz.<br \/>\nE\u011fitim sadece okulda de\u011fil hayat\u0131n her alan\u0131nda korunmas\u0131 gereken bir de\u011ferdir. Okullar\u0131m\u0131za y\u00f6nelen sald\u0131r\u0131lar\u0131 milletimiz i\u00e7in beka sorunu olarak de\u011ferlendiriyor, milletimizin bekas\u0131n\u0131 gen\u00e7lerimizin gelece\u011fini, \u00e7ocuklar\u0131m\u0131z\u0131n ve e\u011fitim \u00e7al\u0131\u015fanlar\u0131n\u0131n can g\u00fcvenli\u011fini her \u015feyin \u00fczerinde g\u00f6r\u00fcyoruz.<\/p>\n<p>\u015eehit \u00f6\u011fretmenlerimize ve \u00f6\u011frencilerimize bir kez daha Allah\u2019tan rahmet diliyoruz. Mekanlar\u0131 cennet, makamlar\u0131 ali olsun.<\/p>\n","protected":false},"excerpt":{"rendered":"<p>K\u0131z\u0131ltepe E\u011fitim Birsen taraf\u0131ndan\u00a0<br \/>\n\u015eanl\u0131urfa ve Kahramanmara\u015f\u2019ta okullara sald\u0131r\u0131lar sonucu hayat\u0131n\u0131 kaybeden \u00f6gretmen ve \u00f6\u011frenciler i\u00e7in g\u0131yabi cenaze namaz\u0131 k\u0131l\u0131nd\u0131. Daha sonra E\u011fitim Birsen il\u00e7e ba\u015fkan\u0131 Tar\u0131k YILMAZ konuyla ilgili haz\u0131rlanan bas\u0131n a\u00e7\u0131klamas\u0131n\u0131 okudu.<\/p>\n","protected":false},"author":1,"featured_media":113154,"comment_status":"open","ping_status":"open","sticky":false,"template":"","format":"standard","meta":{"footnotes":""},"categories":[16,3,2,4,30],"tags":[],"class_list":["post-113153","post","type-post","status-publish","format-standard","has-post-thumbnail","hentry","category-egitim","category-guncel","category-kiziltepe","category-manset","category-ust-manset"],"_links":{"self":[{"href":"https:\/\/mardinhaberyolu.com\/index.php?rest_route=\/wp\/v2\/posts\/113153","targetHints":{"allow":["GET"]}}],"collection":[{"href":"https:\/\/mardinhaberyolu.com\/index.php?rest_route=\/wp\/v2\/posts"}],"about":[{"href":"https:\/\/mardinhaberyolu.com\/index.php?rest_route=\/wp\/v2\/types\/post"}],"author":[{"embeddable":true,"href":"https:\/\/mardinhaberyolu.com\/index.php?rest_route=\/wp\/v2\/users\/1"}],"replies":[{"embeddable":true,"href":"https:\/\/mardinhaberyolu.com\/index.php?rest_route=%2Fwp%2Fv2%2Fcomments&post=113153"}],"version-history":[{"count":2,"href":"https:\/\/mardinhaberyolu.com\/index.php?rest_route=\/wp\/v2\/posts\/113153\/revisions"}],"predecessor-version":[{"id":113159,"href":"https:\/\/mardinhaberyolu.com\/index.php?rest_route=\/wp\/v2\/posts\/113153\/revisions\/113159"}],"wp:featuredmedia":[{"embeddable":true,"href":"https:\/\/mardinhaberyolu.com\/index.php?rest_route=\/wp\/v2\/media\/113154"}],"wp:attachment":[{"href":"https:\/\/mardinhaberyolu.com\/index.php?rest_route=%2Fwp%2Fv2%2Fmedia&parent=113153"}],"wp:term":[{"taxonomy":"category","embeddable":true,"href":"https:\/\/mardinhaberyolu.com\/index.php?rest_route=%2Fwp%2Fv2%2Fcategories&post=113153"},{"taxonomy":"post_tag","embeddable":true,"href":"https:\/\/mardinhaberyolu.com\/index.php?rest_route=%2Fwp%2Fv2%2Ftags&post=113153"}],"curies":[{"name":"wp","href":"https:\/\/api.w.org\/{rel}","templated":true}]}}