{"id":113146,"date":"2026-04-17T03:56:05","date_gmt":"2026-04-17T03:56:05","guid":{"rendered":"https:\/\/mardinhaberyolu.com\/?p=113146"},"modified":"2026-04-17T03:56:05","modified_gmt":"2026-04-17T03:56:05","slug":"il-saglik-muduru-yavuzsaglikta-her-turlu-siddete-karsiyiz","status":"publish","type":"post","link":"https:\/\/mardinhaberyolu.com\/?p=113146","title":{"rendered":"\u0130L SA\u011eLIK M\u00dcD\u00dcR\u00dc YAVUZ,SA\u011eLIKTA HER T\u00dcRL\u00dc \u015e\u0130DDETE KAR\u015eIYIZ"},"content":{"rendered":"<p>Derik \u0130l\u00e7esi\u2019nin Zeytinp\u0131nar Mahallesinde bulunan 50 yatak kapasiteli Derik Devlet \u015fiddete maruz kalan Ba\u015fhekim Uzman Doktor Aziz Zilan ile sekreteri Zeynep Oktay\u2019\u0131 Ba\u015fhekimlik Makam\u0131nda ziyaret etti .<br \/>\nMardin \u0130l Sa\u011fl\u0131k M\u00fcd\u00fcr\u00fc Saffet Yavuz beraberinde Derik \u0130l\u00e7e Sa\u011fl\u0131k M\u00fcd\u00fcr\u00fc Uzman Doktor Cem Do\u011fan ile birlikte Ba\u015fhekimi Uzman Doktor Aziz Zilan\u2019\u0131n \u015fiddete maruz ziyaret ederek ge\u00e7mi\u015f olsun dileklerinde bulundu.<\/p>\n<p><img fetchpriority=\"high\" decoding=\"async\" class=\"alignnone size-medium wp-image-113148\" src=\"https:\/\/mardinhaberyolu.com\/wp-content\/uploads\/2026\/04\/IMG-20260416-WA0084-300x225.jpg\" alt=\"\" width=\"300\" height=\"225\" srcset=\"https:\/\/mardinhaberyolu.com\/wp-content\/uploads\/2026\/04\/IMG-20260416-WA0084-300x225.jpg 300w, https:\/\/mardinhaberyolu.com\/wp-content\/uploads\/2026\/04\/IMG-20260416-WA0084-1024x768.jpg 1024w, https:\/\/mardinhaberyolu.com\/wp-content\/uploads\/2026\/04\/IMG-20260416-WA0084-768x576.jpg 768w, https:\/\/mardinhaberyolu.com\/wp-content\/uploads\/2026\/04\/IMG-20260416-WA0084-1536x1152.jpg 1536w, https:\/\/mardinhaberyolu.com\/wp-content\/uploads\/2026\/04\/IMG-20260416-WA0084.jpg 1600w\" sizes=\"(max-width: 300px) 100vw, 300px\" \/><\/p>\n<p>Derik Devlet Hastanesi\u2019nde 15 Nisan 2026\u2019da iddiaya g\u00f6re,hastanede \u00e7al\u0131\u015fan bir \u015firket personelinin i\u015ften \u00e7\u0131kar\u0131lmas\u0131 \u00fczerine i\u015ften \u00e7\u0131kar\u0131lan personelin babas\u0131 T.E ve a\u011fabeyi A.\u00dc.E. adl\u0131 \u015fah\u0131slar hastaneye Ba\u015fhekim ile g\u00f6r\u00fc\u015fmek istemesinden sonra \u00e7\u0131kan tart\u0131\u015fman\u0131n \u015fiddete d\u00f6n\u00fc\u015fmesi ile hasta g\u00f6revlileri \u0130l\u00e7e Emniyet M\u00fcd\u00fcrl\u00fc\u011f\u00fc\u2019ne ihbarda bulundu,\u0130hbar \u00fczerine hastaneye polis ekipleri sevk edilerek 2 \u015f\u00fcpheli g\u00f6zalt\u0131na al\u0131nd\u0131.\u0130l Sa\u011fl\u0131k M\u00fcd\u00fcr\u00fc Saffet Yavuz,\u015fiddette mazur kalan Ba\u015fhekim Uzman Doktor Aziz Zilan ve Sekreteri Zeynep Oktay\u2019a ge\u00e7mi\u015f olsun ziyaretinde \u015fu a\u00e7\u0131klamalarda bulundu;\u201dSa\u011fl\u0131kta \u015fiddettin her t\u00fcrl\u00fcs\u00fcne kar\u015f\u0131y\u0131z,Sa\u011fl\u0131k \u00e7al\u0131\u015fanlar\u0131m\u0131za y\u00f6nelik hi\u00e7bir \u015fiddetti kabul edemeyece\u011fimizi ifade etmekteyiz\u201ddedi. Olayla ilgili soru\u015fturma devam ediyor.<\/p>\n<p>Emrullah KARAKA\u015e-MARD\u0130N HABERYOLU<\/p>\n","protected":false},"excerpt":{"rendered":"<p>Mardin il Sa\u011fl\u0131k M\u00fcd\u00fcr\u00fc Saffet Yavuz, Derik&#8217;te \u015fiddete maruz uzman doktor Aziz Zilan ile sekreterini ziyaret ederek ge\u00e7mi\u015f olsun dile\u011finde bulundu. <\/p>\n","protected":false},"author":1,"featured_media":113147,"comment_status":"open","ping_status":"open","sticky":false,"template":"","format":"standard","meta":{"footnotes":""},"categories":[3,4,9,19,18,30],"tags":[],"class_list":["post-113146","post","type-post","status-publish","format-standard","has-post-thumbnail","hentry","category-guncel","category-manset","category-mardin","category-saglik","category-toplumsal-yasam-gundem","category-ust-manset"],"_links":{"self":[{"href":"https:\/\/mardinhaberyolu.com\/index.php?rest_route=\/wp\/v2\/posts\/113146","targetHints":{"allow":["GET"]}}],"collection":[{"href":"https:\/\/mardinhaberyolu.com\/index.php?rest_route=\/wp\/v2\/posts"}],"about":[{"href":"https:\/\/mardinhaberyolu.com\/index.php?rest_route=\/wp\/v2\/types\/post"}],"author":[{"embeddable":true,"href":"https:\/\/mardinhaberyolu.com\/index.php?rest_route=\/wp\/v2\/users\/1"}],"replies":[{"embeddable":true,"href":"https:\/\/mardinhaberyolu.com\/index.php?rest_route=%2Fwp%2Fv2%2Fcomments&post=113146"}],"version-history":[{"count":1,"href":"https:\/\/mardinhaberyolu.com\/index.php?rest_route=\/wp\/v2\/posts\/113146\/revisions"}],"predecessor-version":[{"id":113149,"href":"https:\/\/mardinhaberyolu.com\/index.php?rest_route=\/wp\/v2\/posts\/113146\/revisions\/113149"}],"wp:featuredmedia":[{"embeddable":true,"href":"https:\/\/mardinhaberyolu.com\/index.php?rest_route=\/wp\/v2\/media\/113147"}],"wp:attachment":[{"href":"https:\/\/mardinhaberyolu.com\/index.php?rest_route=%2Fwp%2Fv2%2Fmedia&parent=113146"}],"wp:term":[{"taxonomy":"category","embeddable":true,"href":"https:\/\/mardinhaberyolu.com\/index.php?rest_route=%2Fwp%2Fv2%2Fcategories&post=113146"},{"taxonomy":"post_tag","embeddable":true,"href":"https:\/\/mardinhaberyolu.com\/index.php?rest_route=%2Fwp%2Fv2%2Ftags&post=113146"}],"curies":[{"name":"wp","href":"https:\/\/api.w.org\/{rel}","templated":true}]}}