{"id":113142,"date":"2026-04-16T15:44:05","date_gmt":"2026-04-16T15:44:05","guid":{"rendered":"https:\/\/mardinhaberyolu.com\/?p=113142"},"modified":"2026-04-16T15:44:05","modified_gmt":"2026-04-16T15:44:05","slug":"kahraman-ailesinin-aci-gunu","status":"publish","type":"post","link":"https:\/\/mardinhaberyolu.com\/?p=113142","title":{"rendered":"KAHRAMAN A\u0130LES\u0130N\u0130N ACI G\u00dcN\u00dc"},"content":{"rendered":"<p>&nbsp;<\/p>\n<p>Uzun bir s\u00fcredir Ankara&#8217;da tedavi g\u00f6ren Hac\u0131 Nura Kahraman ileri ya\u015f\u0131n\u0131n da nedeniyle hayata g\u00f6zlerini yumdu ve Hakk&#8217;\u0131n rahmetine kavu\u015ftu.<\/p>\n<p>K\u0131z\u0131ltepe Eski Belediye Ba\u015fkan\u0131 Merhum Abdurrahman Kahraman&#8217;\u0131n e\u015fi; Mardin\u2019de tan\u0131nan siyaset\u00e7i, belediye ba\u015fkan aday\u0131 ve milletvekili aday\u0131 Mehmet Vejdi Kahraman ile Musa, merhum Mehmet Emin, Mehmet Ali, Ramazan ve Mustafa Kahraman\u2019\u0131n anneleri Hac\u0131 Nura Kahraman, 88 ya\u015f\u0131ndayd\u0131.<\/p>\n<p>Ac\u0131 haber, ba\u015fta Kahraman ailesi olmak \u00fczere akrabalar\u0131n\u0131 ve dostlar\u0131n\u0131 derinden \u00fczd\u00fc.<\/p>\n<p>Hac\u0131 Nura Kahraman\u2019\u0131n cenazesi Akziyaret k\u00f6y\u00fc aile kabristan\u0131nda topra\u011fa verildi.<\/p>\n<p>Taziye ile ilgili bilgiler \u015f\u00f6yle:<\/p>\n<p>O\u011flu Mehmet Vejdi KAHRAMAN 0532 712 98 96<br \/>\nO\u011flu Musa KAHRAMAN 0532 623 07 15<br \/>\nO\u011flu Ali KAHRAMAN 0532 353 93 15<br \/>\nTaziyesi Akziyaret k\u00f6y\u00fc Taziye evi<br \/>\nTaziye G\u00fcnleri 16-17-18 Nisan 2026<\/p>\n<p>Mardin Haberyolu sitesi olarak Merhumeye Y\u00fcce Allah\u2019tan rahmet yak\u0131nlar\u0131na ba\u015f sa\u011fl\u0131\u011f\u0131 diliyoruz. Ruhuna el Fatiha<\/p>\n","protected":false},"excerpt":{"rendered":"<p>Mardinli Siyaset\u00e7i, B\u00f6lgenin kanaat \u00f6nderi ve Erbani a\u015firetinin lideri olarak g\u00f6sterilen Mehmet Vejdi Kahraman&#8217;\u0131n anneleri Hac\u0131 Nura Kahraman vefat etti.\u00a0<\/p>\n","protected":false},"author":1,"featured_media":113144,"comment_status":"open","ping_status":"open","sticky":false,"template":"","format":"standard","meta":{"footnotes":""},"categories":[3,2,4,9,18,30],"tags":[],"class_list":["post-113142","post","type-post","status-publish","format-standard","has-post-thumbnail","hentry","category-guncel","category-kiziltepe","category-manset","category-mardin","category-toplumsal-yasam-gundem","category-ust-manset"],"_links":{"self":[{"href":"https:\/\/mardinhaberyolu.com\/index.php?rest_route=\/wp\/v2\/posts\/113142","targetHints":{"allow":["GET"]}}],"collection":[{"href":"https:\/\/mardinhaberyolu.com\/index.php?rest_route=\/wp\/v2\/posts"}],"about":[{"href":"https:\/\/mardinhaberyolu.com\/index.php?rest_route=\/wp\/v2\/types\/post"}],"author":[{"embeddable":true,"href":"https:\/\/mardinhaberyolu.com\/index.php?rest_route=\/wp\/v2\/users\/1"}],"replies":[{"embeddable":true,"href":"https:\/\/mardinhaberyolu.com\/index.php?rest_route=%2Fwp%2Fv2%2Fcomments&post=113142"}],"version-history":[{"count":1,"href":"https:\/\/mardinhaberyolu.com\/index.php?rest_route=\/wp\/v2\/posts\/113142\/revisions"}],"predecessor-version":[{"id":113145,"href":"https:\/\/mardinhaberyolu.com\/index.php?rest_route=\/wp\/v2\/posts\/113142\/revisions\/113145"}],"wp:featuredmedia":[{"embeddable":true,"href":"https:\/\/mardinhaberyolu.com\/index.php?rest_route=\/wp\/v2\/media\/113144"}],"wp:attachment":[{"href":"https:\/\/mardinhaberyolu.com\/index.php?rest_route=%2Fwp%2Fv2%2Fmedia&parent=113142"}],"wp:term":[{"taxonomy":"category","embeddable":true,"href":"https:\/\/mardinhaberyolu.com\/index.php?rest_route=%2Fwp%2Fv2%2Fcategories&post=113142"},{"taxonomy":"post_tag","embeddable":true,"href":"https:\/\/mardinhaberyolu.com\/index.php?rest_route=%2Fwp%2Fv2%2Ftags&post=113142"}],"curies":[{"name":"wp","href":"https:\/\/api.w.org\/{rel}","templated":true}]}}