{"id":113134,"date":"2026-04-16T08:27:40","date_gmt":"2026-04-16T08:27:40","guid":{"rendered":"https:\/\/mardinhaberyolu.com\/?p=113134"},"modified":"2026-04-16T12:14:18","modified_gmt":"2026-04-16T12:14:18","slug":"dunaysir-kultur-ve-arastirma-dernegi-baskani-aydindan-okul-saldirisi-bassagligi-mesaji","status":"publish","type":"post","link":"https:\/\/mardinhaberyolu.com\/?p=113134","title":{"rendered":"Dunays\u0131r K\u00fclt\u00fcr Ve Ara\u015ft\u0131rma Derne\u011fi Ba\u015fkan\u0131 Ayd\u0131n\u2019dan &#8220;Okul Sald\u0131r\u0131s\u0131&#8221; Ba\u015fsa\u011fl\u0131\u011f\u0131 Mesaj\u0131"},"content":{"rendered":"<p>Mesaj\u0131nda, Kahramanmara\u015f\u2019ta bir okulda d\u00fczenlenen menfur sald\u0131r\u0131 sonucu hayat\u0131n\u0131 kaybeden \u00f6\u011fretmen ve \u00f6\u011frenciler i\u00e7in taziyelerini bildiren\u00a0 Dunays\u0131r K\u00fclt\u00fcr Ve Ara\u015ft\u0131rma Derne\u011fi Y\u00f6netim Kurulu Ba\u015fkan\u0131 Abdulnas\u0131r Ayd\u0131n, &#8220;\u015eiddetin her t\u00fcrl\u00fcs\u00fcne kar\u015f\u0131y\u0131z&#8221; ifadesini kullanarak tepkisini ortaya koydu.<\/p>\n<p>Kahramanmara\u015f\u2019ta bir okulda d\u00fczenlenen menfur sald\u0131r\u0131 sonucu hayat\u0131n\u0131 kaybeden \u00f6\u011fretmen ve \u00f6\u011frenciler i\u00e7in taziye mesaj\u0131 yay\u0131mlayan Ayd\u0131n, yaz\u0131l\u0131 a\u00e7\u0131klamas\u0131nda \u015fu ifadelere yer verdi: \u201cMilletimizi derinden sarsan \u015eanl\u0131urfa\u2019dan sonra Kahramanmara\u015f\u2019ta da bir okulda ger\u00e7ekle\u015ftirilen sald\u0131r\u0131 sonucu hayat\u0131n\u0131 kaybeden k\u0131ymetli \u00f6\u011fretmenimize ve masum \u00f6\u011frencilerimize Allah\u2019tan rahmet, kederli ailelerine sab\u0131r ve ba\u015fsa\u011fl\u0131\u011f\u0131 diliyorum. Yaral\u0131lar\u0131m\u0131za acil \u015fifalar temenni ediyorum. \u201dE\u011fitim kurumlar\u0131n\u0131n \u00f6nemine dikkat \u00e7eken Ayd\u0131n, \u201cE\u011fitim yuvalar\u0131m\u0131z; sevginin, bilginin ve umudun filizlendi\u011fi kutsal mek\u00e2nlard\u0131r. Bu t\u00fcr menfur sald\u0131r\u0131lar, sadece bireyleri de\u011fil, t\u00fcm milletimizin vicdan\u0131n\u0131 hedef almaktad\u0131r\u201d dedi. \u015eiddetin her t\u00fcrl\u00fcs\u00fcn\u00fc en g\u00fc\u00e7l\u00fc \u015fekilde k\u0131nad\u0131klar\u0131n\u0131 belirten Abdulnas\u0131r Ayd\u0131n, \u201cBu ac\u0131 olay\u0131n sorumlular\u0131n\u0131n adalet \u00f6n\u00fcnde en a\u011f\u0131r \u015fekilde hesap vermesini temenni ediyorum. Millet\u00e7e birlik ve beraberlik i\u00e7inde, bu t\u00fcr karanl\u0131k olaylar\u0131n \u00fcstesinden gelece\u011fimize olan inanc\u0131m\u0131z tamd\u0131r\u201d ifadelerini kulland\u0131. Ba\u015fkan Ayd\u0131n, mesaj\u0131n\u0131 \u201cBa\u015f\u0131m\u0131z sa\u011f olsun\u201d diyerek tamamlad\u0131.<\/p>\n","protected":false},"excerpt":{"rendered":"<p>Mardin K\u0131z\u0131ltepe&#8217;de faaliyetlerini s\u00fcrd\u00fcren Dunays\u0131r K\u00fclt\u00fcr ve Ara\u015ft\u0131rma Derne\u011fi Ba\u015fkan\u0131 Abdulnas\u0131r Ayd\u0131n&#8217;dan \u015eanl\u0131urfa ve Kahramanmara\u015f&#8217;ta okullara y\u00f6nelik yap\u0131lan sald\u0131r\u0131lara k\u0131nama geldi. Ba\u015fkan Ayd\u0131n yapt\u0131\u011f\u0131 yaz\u0131l\u0131 a\u00e7\u0131klamada, sald\u0131r\u0131lar\u0131 \u015fiddetle k\u0131nad\u0131\u011f\u0131n\u0131 belirterek ya\u015fam\u0131n\u0131 kaybeden \u00f6\u011fretmen ve \u00f6\u011frencilerin taziyelerini payla\u015ft\u0131klar\u0131n\u0131 a\u00e7\u0131klad\u0131.\u00a0<\/p>\n","protected":false},"author":1,"featured_media":113137,"comment_status":"open","ping_status":"open","sticky":false,"template":"","format":"standard","meta":{"footnotes":""},"categories":[3,2,4,9,18,30],"tags":[],"class_list":["post-113134","post","type-post","status-publish","format-standard","has-post-thumbnail","hentry","category-guncel","category-kiziltepe","category-manset","category-mardin","category-toplumsal-yasam-gundem","category-ust-manset"],"_links":{"self":[{"href":"https:\/\/mardinhaberyolu.com\/index.php?rest_route=\/wp\/v2\/posts\/113134","targetHints":{"allow":["GET"]}}],"collection":[{"href":"https:\/\/mardinhaberyolu.com\/index.php?rest_route=\/wp\/v2\/posts"}],"about":[{"href":"https:\/\/mardinhaberyolu.com\/index.php?rest_route=\/wp\/v2\/types\/post"}],"author":[{"embeddable":true,"href":"https:\/\/mardinhaberyolu.com\/index.php?rest_route=\/wp\/v2\/users\/1"}],"replies":[{"embeddable":true,"href":"https:\/\/mardinhaberyolu.com\/index.php?rest_route=%2Fwp%2Fv2%2Fcomments&post=113134"}],"version-history":[{"count":2,"href":"https:\/\/mardinhaberyolu.com\/index.php?rest_route=\/wp\/v2\/posts\/113134\/revisions"}],"predecessor-version":[{"id":113138,"href":"https:\/\/mardinhaberyolu.com\/index.php?rest_route=\/wp\/v2\/posts\/113134\/revisions\/113138"}],"wp:featuredmedia":[{"embeddable":true,"href":"https:\/\/mardinhaberyolu.com\/index.php?rest_route=\/wp\/v2\/media\/113137"}],"wp:attachment":[{"href":"https:\/\/mardinhaberyolu.com\/index.php?rest_route=%2Fwp%2Fv2%2Fmedia&parent=113134"}],"wp:term":[{"taxonomy":"category","embeddable":true,"href":"https:\/\/mardinhaberyolu.com\/index.php?rest_route=%2Fwp%2Fv2%2Fcategories&post=113134"},{"taxonomy":"post_tag","embeddable":true,"href":"https:\/\/mardinhaberyolu.com\/index.php?rest_route=%2Fwp%2Fv2%2Ftags&post=113134"}],"curies":[{"name":"wp","href":"https:\/\/api.w.org\/{rel}","templated":true}]}}