{"id":113130,"date":"2026-04-16T07:26:44","date_gmt":"2026-04-16T07:26:44","guid":{"rendered":"https:\/\/mardinhaberyolu.com\/?p=113130"},"modified":"2026-04-16T07:26:44","modified_gmt":"2026-04-16T07:26:44","slug":"depsas-enerji-spor-kulubu-kadin-sporculari-turkiyenin-zirvesinde","status":"publish","type":"post","link":"https:\/\/mardinhaberyolu.com\/?p=113130","title":{"rendered":"DEPSA\u015e Enerji Spor Kul\u00fcb\u00fc Kad\u0131n Sporcular\u0131  T\u00fcrkiye\u2019nin Zirvesi\u2019nde"},"content":{"rendered":"<p>Amat\u00f6r sporlar\u0131n geli\u015fimine katk\u0131 sunan \u00e7al\u0131\u015fmalar\u0131yla dikkat \u00e7eken DEPSA\u015e Enerji Spor Kul\u00fcb\u00fc\u2019n\u00fcn sporcular\u0131 elde etti\u011fi ba\u015far\u0131larla fark yaratmaya devam ediyor. Son olarak Yalova\u2019da d\u00fczenlenen 2026 T\u00fcrkiye Bilek G\u00fcre\u015fi \u015eampiyonas\u0131\u2019na kat\u0131lan DEPSA\u015e sporcular\u0131, 18\u2019i alt\u0131n, 5\u2019\u00ee g\u00fcm\u00fc\u015f ve 6\u2019s\u0131 bronz olmak \u00fczere toplamda 29 madalya kazanarak \u015fampiyonaya damga vurdu. Yar\u0131\u015fmada DEPSA\u015e Enerji Spor Kul\u00fcb\u00fc ad\u0131na yar\u0131\u015fan kad\u0131n sporcular tak\u0131m halinde T\u00fcrkiye \u015fampiyonu olurken,\u00a0 bedensel engelliler kategorisinde ise erkek tak\u0131m\u0131 T\u00fcrkiye ikincisi oldu.<\/p>\n<p><img fetchpriority=\"high\" decoding=\"async\" class=\"alignnone size-medium wp-image-113132\" src=\"https:\/\/mardinhaberyolu.com\/wp-content\/uploads\/2026\/04\/d2-1-300x225.jpg\" alt=\"\" width=\"300\" height=\"225\" srcset=\"https:\/\/mardinhaberyolu.com\/wp-content\/uploads\/2026\/04\/d2-1-300x225.jpg 300w, https:\/\/mardinhaberyolu.com\/wp-content\/uploads\/2026\/04\/d2-1-1024x768.jpg 1024w, https:\/\/mardinhaberyolu.com\/wp-content\/uploads\/2026\/04\/d2-1-768x576.jpg 768w, https:\/\/mardinhaberyolu.com\/wp-content\/uploads\/2026\/04\/d2-1.jpg 1321w\" sizes=\"(max-width: 300px) 100vw, 300px\" \/><\/p>\n<p><strong>\u201c\u0130nan\u00e7 ve Emek Ba\u015far\u0131y\u0131 Getirdi\u201d<\/strong><\/p>\n<p>Sporcular\u0131n\u0131n T\u00fcrkiye\u2019nin zirvesine \u00e7\u0131karak kul\u00fcb\u00fc gururland\u0131rd\u0131\u011f\u0131n\u0131n alt\u0131n\u0131 \u00e7izen <strong>D<\/strong><strong>EPSA\u015e Enerji Spor Kul\u00fcb\u00fc <\/strong><strong>Ba\u015fkan\u0131 Murat Karag\u00fczel<\/strong> \u015funlar\u0131 s\u00f6yledi:<\/p>\n<p>\u201c\u015eampiyonada yar\u0131\u015fan t\u00fcm sporcular\u0131m\u0131z\u0131 en i\u00e7ten dileklerimizle kutluyoruz. Kul\u00fcb\u00fcm\u00fcz\u00fcn birinci amac\u0131 hizmet b\u00f6lgemiz olan G\u00fcneydo\u011fu Anadolu\u2019da gen\u00e7lerimizi spora y\u00f6nlendirerek, yeni sporcular yeti\u015fmesine katk\u0131 sa\u011flamak. \u015e\u00fcphesiz T\u00fcrkiye Bilek G\u00fcre\u015fi \u015eampiyonas\u0131\u2019nda elde edilen bu b\u00fcy\u00fck ba\u015far\u0131 bu spora ilgi duyan gen\u00e7lerimizi te\u015fvik etmek i\u00e7in \u00e7ok \u00f6nemli bir kazan\u0131m oldu. Kazand\u0131\u011f\u0131m\u0131z bu ba\u015far\u0131n\u0131n alt\u0131nda planl\u0131 ve programl\u0131 \u00e7al\u0131\u015fma bulunuyor. Ayr\u0131ca ekip olarak ortaya koydu\u011fumuz inan\u00e7 ve emek de bu ba\u015far\u0131y\u0131 getirdi. Ba\u015fta bedensel engelliler olmak \u00fczeri t\u00fcm kategorilerde sporcular\u0131m\u0131z\u0131 desteklemeye ve yeni sporcular\u0131 \u00fclke sporuna kazand\u0131rmaya devam edece\u011fiz.\u201d<\/p>\n<p>Bilek g\u00fcre\u015fi sporuna \u00f6nemli katk\u0131lar sa\u011flayan DEPSA\u015e Enerji Spor Kul\u00fcb\u00fc\u2019nden milli tak\u0131ma se\u00e7ilecek olan sporcular\u0131n May\u0131s ay\u0131nda Macaristan\u2019da d\u00fczenlenecek olan Avrupa \u015eampiyonas\u0131\u2019nda T\u00fcrkiye\u2019yi ba\u015far\u0131yla temsil etmesi \u00a0bekleniyor.<\/p>\n<p>B\u00fclten<\/p>\n","protected":false},"excerpt":{"rendered":"<p>2026 T\u00fcrkiye Bilek G\u00fcre\u015fi \u015eampiyonas\u0131\u2019na DEPSA\u015e Enerji Spor Kul\u00fcb\u00fc sporcular\u0131 damga vurdu. Toplamda 13 sporcuyla yar\u0131\u015fan kul\u00fcb\u00fcn kad\u0131n sporcular\u0131 tak\u0131m halinde T\u00fcrkiye \u015eampiyonu olurken, bedensel engelliler kategorisinde ise erkek tak\u0131m\u0131 T\u00fcrkiye ikincili\u011fini elde etti. DEPSA\u015e sporcular\u0131 \u015fampiyonada toplamda 29 madalya kazanarak \u00f6nemli bir ba\u015far\u0131ya imza att\u0131.<\/p>\n","protected":false},"author":1,"featured_media":113131,"comment_status":"open","ping_status":"open","sticky":false,"template":"","format":"standard","meta":{"footnotes":""},"categories":[3,4,9,18,30],"tags":[],"class_list":["post-113130","post","type-post","status-publish","format-standard","has-post-thumbnail","hentry","category-guncel","category-manset","category-mardin","category-toplumsal-yasam-gundem","category-ust-manset"],"_links":{"self":[{"href":"https:\/\/mardinhaberyolu.com\/index.php?rest_route=\/wp\/v2\/posts\/113130","targetHints":{"allow":["GET"]}}],"collection":[{"href":"https:\/\/mardinhaberyolu.com\/index.php?rest_route=\/wp\/v2\/posts"}],"about":[{"href":"https:\/\/mardinhaberyolu.com\/index.php?rest_route=\/wp\/v2\/types\/post"}],"author":[{"embeddable":true,"href":"https:\/\/mardinhaberyolu.com\/index.php?rest_route=\/wp\/v2\/users\/1"}],"replies":[{"embeddable":true,"href":"https:\/\/mardinhaberyolu.com\/index.php?rest_route=%2Fwp%2Fv2%2Fcomments&post=113130"}],"version-history":[{"count":1,"href":"https:\/\/mardinhaberyolu.com\/index.php?rest_route=\/wp\/v2\/posts\/113130\/revisions"}],"predecessor-version":[{"id":113133,"href":"https:\/\/mardinhaberyolu.com\/index.php?rest_route=\/wp\/v2\/posts\/113130\/revisions\/113133"}],"wp:featuredmedia":[{"embeddable":true,"href":"https:\/\/mardinhaberyolu.com\/index.php?rest_route=\/wp\/v2\/media\/113131"}],"wp:attachment":[{"href":"https:\/\/mardinhaberyolu.com\/index.php?rest_route=%2Fwp%2Fv2%2Fmedia&parent=113130"}],"wp:term":[{"taxonomy":"category","embeddable":true,"href":"https:\/\/mardinhaberyolu.com\/index.php?rest_route=%2Fwp%2Fv2%2Fcategories&post=113130"},{"taxonomy":"post_tag","embeddable":true,"href":"https:\/\/mardinhaberyolu.com\/index.php?rest_route=%2Fwp%2Fv2%2Ftags&post=113130"}],"curies":[{"name":"wp","href":"https:\/\/api.w.org\/{rel}","templated":true}]}}