{"id":113125,"date":"2026-04-16T07:19:13","date_gmt":"2026-04-16T07:19:13","guid":{"rendered":"https:\/\/mardinhaberyolu.com\/?p=113125"},"modified":"2026-04-16T07:19:13","modified_gmt":"2026-04-16T07:19:13","slug":"mardin-1969-sporun-hedefi-gebzede-3-puan","status":"publish","type":"post","link":"https:\/\/mardinhaberyolu.com\/?p=113125","title":{"rendered":"Mardin 1969 Spor\u2019un hedefi Gebze\u2019de 3 Puan\u00a0"},"content":{"rendered":"<p>&nbsp;<\/p>\n<p>Nesine 2. Lig K\u0131rm\u0131z\u0131 Grup\u2019ta sezonun kritik haftalar\u0131na girilirken Mardin 1969 Spor, 33. hafta m\u00fccadelesinde 19 Nisan Pazar g\u00fcn\u00fc G\u00fczide Gebzespor\u2019a konuk olacak. Kocaeli Alaettin Kurt Stad\u0131\u2019nda saat 15.00\u2019te oynanacak kar\u015f\u0131la\u015fmada k\u0131rm\u0131z\u0131-lacivertliler, sahadan \u00fc\u00e7 puanla ayr\u0131larak \u00fcst s\u0131ralardaki iddias\u0131n\u0131 s\u00fcrd\u00fcrmeyi hedefliyor.<\/p>\n<p>13 Y\u0131l Sonra Gelen Ba\u015far\u0131 Hik\u00e2yesi<\/p>\n<p>13 y\u0131l aradan sonra y\u00fckseldi\u011fi 2. Lig\u2019de ba\u015far\u0131l\u0131 bir sezon ge\u00e7iren Mardin temsilcisi, ligde oynad\u0131\u011f\u0131 32 ma\u00e7ta 21 galibiyet, 4 beraberlik ve 7 ma\u011flubiyet alarak 67 puanla 3. s\u0131rada yer al\u0131yor. Sezon boyunca ortaya koydu\u011fu istikrarl\u0131 performansla dikkat \u00e7eken ekip, play-off oynamay\u0131 \u015fimdiden garantilemi\u015f durumda.<\/p>\n<p>Hedef: \u0130kinci S\u0131raya Y\u00fckselmek<\/p>\n<p>Mardin 1969 Spor sadece play-off ile yetinmek istemiyor. K\u0131rm\u0131z\u0131-lacivertliler, Alia\u011fa\u2019n\u0131n olas\u0131 puan kayb\u0131n\u0131 da de\u011ferlendirerek ligi ikinci s\u0131rada tamamlaman\u0131n hesaplar\u0131n\u0131 yap\u0131yor. Bu hedefin ger\u00e7ekle\u015fmesi halinde do\u011frudan play-off finaline \u00e7\u0131kacak olan Mardin ekibi, 1. Lig yolunda b\u00fcy\u00fck bir avantaj elde edecek.<\/p>\n<p><img fetchpriority=\"high\" decoding=\"async\" class=\"alignnone size-medium wp-image-113127\" src=\"https:\/\/mardinhaberyolu.com\/wp-content\/uploads\/2026\/04\/s1-1-240x300.jpg\" alt=\"\" width=\"240\" height=\"300\" srcset=\"https:\/\/mardinhaberyolu.com\/wp-content\/uploads\/2026\/04\/s1-1-240x300.jpg 240w, https:\/\/mardinhaberyolu.com\/wp-content\/uploads\/2026\/04\/s1-1-819x1024.jpg 819w, https:\/\/mardinhaberyolu.com\/wp-content\/uploads\/2026\/04\/s1-1-768x960.jpg 768w, https:\/\/mardinhaberyolu.com\/wp-content\/uploads\/2026\/04\/s1-1-1229x1536.jpg 1229w, https:\/\/mardinhaberyolu.com\/wp-content\/uploads\/2026\/04\/s1-1.jpg 1280w\" sizes=\"(max-width: 240px) 100vw, 240px\" \/><\/p>\n<p><strong>Akan Etkisi: 4 Ma\u00e7ta 3 Galibiyet<\/strong><\/p>\n<p>Teknik Direkt\u00f6r B\u00fclent Akan y\u00f6netiminde \u00e7\u0131k\u0131\u015fa ge\u00e7en Mardin 1969 Spor, son haftalarda yakalad\u0131\u011f\u0131 form grafi\u011fiyle umut veriyor. Akan ile \u00e7\u0131kt\u0131\u011f\u0131 son 4 ma\u00e7ta 3 galibiyet elde eden ekip, bu ivmeyi Gebze deplasman\u0131nda da s\u00fcrd\u00fcrmek istiyor.<\/p>\n<p>Zorlu Deplasman Yolculu\u011fu<\/p>\n<p>Kar\u015f\u0131la\u015fma \u00f6ncesi haz\u0131rl\u0131klar\u0131n\u0131 s\u00fcrd\u00fcren Mardin temsilcisi, Cumartesi g\u00fcn\u00fc u\u00e7akla \u0130stanbul\u2019a ge\u00e7ecek, ard\u0131ndan kara yoluyla Kocaeli\u2019nin Gebze il\u00e7esine ula\u015facak. Tak\u0131mda morallerin y\u00fcksek oldu\u011fu \u00f6\u011frenilirken, teknik heyet oyuncular\u0131n\u0131 kritik m\u00fccadeleye en iyi \u015fekilde haz\u0131rl\u0131yor.<\/p>\n<p>G\u00f6zler 1. Lig Hedefinde<\/p>\n<p>Play-off finaline kal\u0131p \u015fampiyon olarak 1. Lig\u2019e y\u00fckselmek isteyen Mardin 1969 Spor, Gebzespor kar\u015f\u0131s\u0131nda hata yapmak istemiyor. K\u0131rm\u0131z\u0131-lacivertliler, bu zorlu deplasmandan galibiyetle d\u00f6nerek hem ikinci s\u0131ra takibini s\u00fcrd\u00fcrmeyi hem de \u015fampiyonluk yolunda g\u00fc\u00e7l\u00fc bir mesaj vermeyi ama\u00e7l\u0131yor.<\/p>\n<p>Bu kritik kar\u015f\u0131la\u015fmada Mardin bas\u0131n\u0131 da tak\u0131m\u0131n yan\u0131nda olacak. Kafileyle birlikte deplasmana gidecek gazeteciler, Mardin 1969 Spor\u2019un sahadaki m\u00fccadelesini yerinden takip ederek \u015fehrin g\u00f6z\u00fc kula\u011f\u0131 olmay\u0131 s\u00fcrd\u00fcrecek.<\/p>\n","protected":false},"excerpt":{"rendered":"<p>Play-off\u2019u garantileyen Mardin 1969 Spor, ikinci s\u0131ra umudunu s\u00fcrd\u00fcrmek i\u00e7in G\u00fczide Gebzespor deplasman\u0131nda galibiyet ar\u0131yor.<\/p>\n","protected":false},"author":1,"featured_media":113126,"comment_status":"open","ping_status":"open","sticky":false,"template":"","format":"standard","meta":{"footnotes":""},"categories":[4,9,7,30],"tags":[],"class_list":["post-113125","post","type-post","status-publish","format-standard","has-post-thumbnail","hentry","category-manset","category-mardin","category-spor","category-ust-manset"],"_links":{"self":[{"href":"https:\/\/mardinhaberyolu.com\/index.php?rest_route=\/wp\/v2\/posts\/113125","targetHints":{"allow":["GET"]}}],"collection":[{"href":"https:\/\/mardinhaberyolu.com\/index.php?rest_route=\/wp\/v2\/posts"}],"about":[{"href":"https:\/\/mardinhaberyolu.com\/index.php?rest_route=\/wp\/v2\/types\/post"}],"author":[{"embeddable":true,"href":"https:\/\/mardinhaberyolu.com\/index.php?rest_route=\/wp\/v2\/users\/1"}],"replies":[{"embeddable":true,"href":"https:\/\/mardinhaberyolu.com\/index.php?rest_route=%2Fwp%2Fv2%2Fcomments&post=113125"}],"version-history":[{"count":1,"href":"https:\/\/mardinhaberyolu.com\/index.php?rest_route=\/wp\/v2\/posts\/113125\/revisions"}],"predecessor-version":[{"id":113128,"href":"https:\/\/mardinhaberyolu.com\/index.php?rest_route=\/wp\/v2\/posts\/113125\/revisions\/113128"}],"wp:featuredmedia":[{"embeddable":true,"href":"https:\/\/mardinhaberyolu.com\/index.php?rest_route=\/wp\/v2\/media\/113126"}],"wp:attachment":[{"href":"https:\/\/mardinhaberyolu.com\/index.php?rest_route=%2Fwp%2Fv2%2Fmedia&parent=113125"}],"wp:term":[{"taxonomy":"category","embeddable":true,"href":"https:\/\/mardinhaberyolu.com\/index.php?rest_route=%2Fwp%2Fv2%2Fcategories&post=113125"},{"taxonomy":"post_tag","embeddable":true,"href":"https:\/\/mardinhaberyolu.com\/index.php?rest_route=%2Fwp%2Fv2%2Ftags&post=113125"}],"curies":[{"name":"wp","href":"https:\/\/api.w.org\/{rel}","templated":true}]}}