{"id":113122,"date":"2026-04-15T03:51:34","date_gmt":"2026-04-15T03:51:34","guid":{"rendered":"https:\/\/mardinhaberyolu.com\/?p=113122"},"modified":"2026-04-15T03:51:34","modified_gmt":"2026-04-15T03:51:34","slug":"toplu-ulasima-zam-yapildi","status":"publish","type":"post","link":"https:\/\/mardinhaberyolu.com\/?p=113122","title":{"rendered":"TOPLU ULA\u015eIMA ZAM YAPILDI"},"content":{"rendered":"<p>Mardin&#8217;de \u015fehir i\u00e7i minib\u00fcs \u00fccretleri ile il\u00e7e \u00fccretlerine zam geldi. Artan yak\u0131t fiyatlar\u0131n\u0131n ard\u0131ndan gelen zamla birlikte \u015fehir i\u00e7i yolcu \u00fccreti kartl\u0131 bini\u015flerde 22 liradan\u00a028 liraya, \u00f6\u011frenci \u00fccreti ise kartl\u0131 bini\u015flerde 14 liradan 16 liraya y\u00fckseldi.<\/p>\n<p>Kart\u0131 olmadan minib\u00fcse binecek olan yolcular ise, daha y\u00fcksek bir fiyat ile kar\u015f\u0131 kar\u015f\u0131ya kalacak. Edinilen bilgiye g\u00f6re; daha \u00f6nce 30 lira olan karts\u0131z bini\u015f \u00fccreti 40 liraya y\u00fckseldi.<\/p>\n<p>Buna g\u00f6re; Mardin&#8217;de minib\u00fcs \u00fccretlerine yakla\u015f\u0131k y\u00fczde 33 oran\u0131nda zam yap\u0131lm\u0131\u015f oldu.<\/p>\n<p>Ayn\u0131 \u015fekilde K\u0131z\u0131ltepe-Artuklu aras\u0131nda yolcu ta\u015f\u0131mac\u0131l\u0131\u011f\u0131 yapan minib\u00fcslerde de benzer oranda zam yap\u0131ld\u0131. Buna g\u00f6re; K\u0131z\u0131ltepe- Artuklu aras\u0131 yolcu \u00fccreti kartl\u0131 bini\u015f 50 liradan 65 liraya y\u00fckseldi.<\/p>\n","protected":false},"excerpt":{"rendered":"<p>Mardin&#8217;de \u015fehir i\u00e7i ve il\u00e7elerde ula\u015f\u0131m \u00fccretlerine zam geldi. Yeni zam ile birlikte en k\u0131sa mesafe (\u015fehiri\u00e7i) \u00fccreti 28 TL oldu.<\/p>\n","protected":false},"author":1,"featured_media":113123,"comment_status":"open","ping_status":"open","sticky":false,"template":"","format":"standard","meta":{"footnotes":""},"categories":[3,4,9,18,30],"tags":[],"class_list":["post-113122","post","type-post","status-publish","format-standard","has-post-thumbnail","hentry","category-guncel","category-manset","category-mardin","category-toplumsal-yasam-gundem","category-ust-manset"],"_links":{"self":[{"href":"https:\/\/mardinhaberyolu.com\/index.php?rest_route=\/wp\/v2\/posts\/113122","targetHints":{"allow":["GET"]}}],"collection":[{"href":"https:\/\/mardinhaberyolu.com\/index.php?rest_route=\/wp\/v2\/posts"}],"about":[{"href":"https:\/\/mardinhaberyolu.com\/index.php?rest_route=\/wp\/v2\/types\/post"}],"author":[{"embeddable":true,"href":"https:\/\/mardinhaberyolu.com\/index.php?rest_route=\/wp\/v2\/users\/1"}],"replies":[{"embeddable":true,"href":"https:\/\/mardinhaberyolu.com\/index.php?rest_route=%2Fwp%2Fv2%2Fcomments&post=113122"}],"version-history":[{"count":1,"href":"https:\/\/mardinhaberyolu.com\/index.php?rest_route=\/wp\/v2\/posts\/113122\/revisions"}],"predecessor-version":[{"id":113124,"href":"https:\/\/mardinhaberyolu.com\/index.php?rest_route=\/wp\/v2\/posts\/113122\/revisions\/113124"}],"wp:featuredmedia":[{"embeddable":true,"href":"https:\/\/mardinhaberyolu.com\/index.php?rest_route=\/wp\/v2\/media\/113123"}],"wp:attachment":[{"href":"https:\/\/mardinhaberyolu.com\/index.php?rest_route=%2Fwp%2Fv2%2Fmedia&parent=113122"}],"wp:term":[{"taxonomy":"category","embeddable":true,"href":"https:\/\/mardinhaberyolu.com\/index.php?rest_route=%2Fwp%2Fv2%2Fcategories&post=113122"},{"taxonomy":"post_tag","embeddable":true,"href":"https:\/\/mardinhaberyolu.com\/index.php?rest_route=%2Fwp%2Fv2%2Ftags&post=113122"}],"curies":[{"name":"wp","href":"https:\/\/api.w.org\/{rel}","templated":true}]}}