{"id":113116,"date":"2026-04-13T13:09:44","date_gmt":"2026-04-13T13:09:44","guid":{"rendered":"https:\/\/mardinhaberyolu.com\/?p=113116"},"modified":"2026-04-13T13:09:44","modified_gmt":"2026-04-13T13:09:44","slug":"faruk-kilictan-netenyahuya-cumhurbaskani-tepkisi","status":"publish","type":"post","link":"https:\/\/mardinhaberyolu.com\/?p=113116","title":{"rendered":"Faruk K\u0131l\u0131\u00e7&#8217;tan Netenyahu&#8217;ya &#8220;Cumhurba\u015fkan\u0131&#8221; Tepkisi"},"content":{"rendered":"<p>K\u0131l\u0131\u00e7, bu s\u00f6ylemlerin kendi ba\u015far\u0131s\u0131z politikalar\u0131n\u0131 gizlemeye y\u00f6nelik bir \u201calg\u0131 operasyonu\u201d oldu\u011funu vurgulad\u0131.<\/p>\n<p>\u200bAK Parti Mardin Milletvekili Faruk K\u0131l\u0131\u00e7, \u0130srail Ba\u015fbakan\u0131 Binyamin Netanyahu\u2019nun son d\u00f6nemde diplomatik s\u0131n\u0131rlar\u0131 zorlayan a\u00e7\u0131klamalar\u0131na ili\u015fkin \u00f6nemli de\u011ferlendirmelerde bulundu. T\u00fcrkiye\u2019nin b\u00f6lgedeki artan diplomatik g\u00fcc\u00fcn\u00fcn Netanyahu y\u00f6netimini rahats\u0131z etti\u011fini belirten K\u0131l\u0131\u00e7, Ankara\u2019n\u0131n bar\u0131\u015f odakl\u0131 duru\u015funun bu t\u00fcr dezenformasyonlarla sars\u0131lmayaca\u011f\u0131n\u0131 ifade etti.<\/p>\n<p>\u200b\u201dDiplomatik Nezaketsizli\u011fin Arkas\u0131nda Su\u00e7luluk Var\u201d<br \/>\n\u200bMilletvekili Faruk K\u0131l\u0131\u00e7, Netanyahu\u2019nun Cumhurba\u015fkan\u0131 Erdo\u011fan\u2019a y\u00f6nelik ifadelerinin temelinde yatan stratejiyi \u015fu s\u00f6zlerle \u00f6zetledi:<\/p>\n<p>\u200b\u201cNetanyahu\u2019nun Say\u0131n Cumhurba\u015fkan\u0131m\u0131za y\u00f6nelik sarf etti\u011fi s\u00f6zler, diplomatik nezaket s\u0131n\u0131rlar\u0131n\u0131 a\u015fman\u0131n \u00f6tesinde, kendi politikalar\u0131n\u0131n yol a\u00e7t\u0131\u011f\u0131 a\u011f\u0131r insani sonu\u00e7lar\u0131 perdeleme \u00e7abas\u0131n\u0131n bir yans\u0131mas\u0131d\u0131r. Bu t\u00fcr a\u00e7\u0131klamalar; ger\u00e7ekleri \u00e7arp\u0131tmay\u0131 ve uluslararas\u0131 kamuoyunu yan\u0131ltmay\u0131 ama\u00e7layan bir s\u00f6ylem bi\u00e7imidir.\u201d<\/p>\n<p>\u200b\u201dAnkara\u2019n\u0131n Diplomatik G\u00fcc\u00fc Rahats\u0131z Ediyor\u201d<br \/>\n\u200bT\u00fcrkiye\u2019nin Cumhurba\u015fkan\u0131 Erdo\u011fan liderli\u011finde y\u00fcr\u00fctt\u00fc\u011f\u00fc \u201c\u00e7\u00f6z\u00fcm odakl\u0131\u201d diplomasiye dikkat \u00e7eken K\u0131l\u0131\u00e7, b\u00f6lgedeki istikrar\u0131n baz\u0131 odaklar\u0131 huzursuz etti\u011fini belirtti. K\u0131l\u0131\u00e7, de\u011ferlendirmesine \u015f\u00f6yle devam etti:<\/p>\n<p>\u201cT\u00fcrkiye\u2019nin b\u00f6lgesinde istikrar\u0131 ve bar\u0131\u015f\u0131 \u00f6nceleyen, sonu\u00e7 al\u0131c\u0131 diplomatik g\u00fcc\u00fc, Netanyahu y\u00f6netimini rahats\u0131z etmektedir. Bu rahats\u0131zl\u0131\u011f\u0131n yans\u0131mas\u0131 olan s\u00f6zler, yap\u0131c\u0131 bir diyalog kurmaktan ziyade, T\u00fcrkiye\u2019nin artan diplomatik etkinli\u011fini g\u00f6lgelemeye y\u00f6nelik beyhude bir \u00e7abad\u0131r.\u201d<\/p>\n<p>\u200b\u0130lkesel Diplomasi Vurgusu<br \/>\n\u200bK\u0131l\u0131\u00e7, T\u00fcrkiye\u2019nin vekalet sava\u015flar\u0131n\u0131 te\u015fvik etmek yerine her zaman uluslararas\u0131 me\u015fruiyet dairesinde kald\u0131\u011f\u0131n\u0131 hat\u0131rlatarak; Ankara\u2019n\u0131n gerilimi t\u0131rmand\u0131ran de\u011fil, uzla\u015f\u0131 zemini olu\u015fturan taraf olmaya devam edece\u011fini vurgulad\u0131. Bu t\u00fcr sald\u0131rgan \u00e7\u0131k\u0131\u015flar\u0131n, T\u00fcrkiye\u2019nin bar\u0131\u015f vizyonunu de\u011fi\u015ftirmeyece\u011fini, aksine bu kararl\u0131 duru\u015fun \u00f6nemini t\u00fcm d\u00fcnyaya bir kez daha kan\u0131tlad\u0131\u011f\u0131n\u0131 ifade etti.<\/p>\n","protected":false},"excerpt":{"rendered":"<p>AK Parti Mardin Milletvekili Faruk K\u0131l\u0131\u00e7, \u0130srail Ba\u015fbakan\u0131 Netanyahu\u2019nun Cumhurba\u015fkan\u0131 Recep Tayyip Erdo\u011fan\u2019\u0131 hedef alan a\u00e7\u0131klamalar\u0131na sert tepki g\u00f6sterdi.<\/p>\n","protected":false},"author":1,"featured_media":113117,"comment_status":"open","ping_status":"open","sticky":false,"template":"","format":"standard","meta":{"footnotes":""},"categories":[3,4,9,8,30],"tags":[],"class_list":["post-113116","post","type-post","status-publish","format-standard","has-post-thumbnail","hentry","category-guncel","category-manset","category-mardin","category-politika","category-ust-manset"],"_links":{"self":[{"href":"https:\/\/mardinhaberyolu.com\/index.php?rest_route=\/wp\/v2\/posts\/113116","targetHints":{"allow":["GET"]}}],"collection":[{"href":"https:\/\/mardinhaberyolu.com\/index.php?rest_route=\/wp\/v2\/posts"}],"about":[{"href":"https:\/\/mardinhaberyolu.com\/index.php?rest_route=\/wp\/v2\/types\/post"}],"author":[{"embeddable":true,"href":"https:\/\/mardinhaberyolu.com\/index.php?rest_route=\/wp\/v2\/users\/1"}],"replies":[{"embeddable":true,"href":"https:\/\/mardinhaberyolu.com\/index.php?rest_route=%2Fwp%2Fv2%2Fcomments&post=113116"}],"version-history":[{"count":1,"href":"https:\/\/mardinhaberyolu.com\/index.php?rest_route=\/wp\/v2\/posts\/113116\/revisions"}],"predecessor-version":[{"id":113118,"href":"https:\/\/mardinhaberyolu.com\/index.php?rest_route=\/wp\/v2\/posts\/113116\/revisions\/113118"}],"wp:featuredmedia":[{"embeddable":true,"href":"https:\/\/mardinhaberyolu.com\/index.php?rest_route=\/wp\/v2\/media\/113117"}],"wp:attachment":[{"href":"https:\/\/mardinhaberyolu.com\/index.php?rest_route=%2Fwp%2Fv2%2Fmedia&parent=113116"}],"wp:term":[{"taxonomy":"category","embeddable":true,"href":"https:\/\/mardinhaberyolu.com\/index.php?rest_route=%2Fwp%2Fv2%2Fcategories&post=113116"},{"taxonomy":"post_tag","embeddable":true,"href":"https:\/\/mardinhaberyolu.com\/index.php?rest_route=%2Fwp%2Fv2%2Ftags&post=113116"}],"curies":[{"name":"wp","href":"https:\/\/api.w.org\/{rel}","templated":true}]}}