{"id":113065,"date":"2026-04-09T06:03:43","date_gmt":"2026-04-09T06:03:43","guid":{"rendered":"https:\/\/mardinhaberyolu.com\/?p=113065"},"modified":"2026-04-09T13:33:11","modified_gmt":"2026-04-09T13:33:11","slug":"alp-ailesinin-mutlu-gunugenc-avukat-ozgur-alp-dunya-evine-girdi","status":"publish","type":"post","link":"https:\/\/mardinhaberyolu.com\/?p=113065","title":{"rendered":"ALP A\u0130LES\u0130N\u0130N MUTLU G\u00dcN\u00dc\u2026GEN\u00c7 AVUKAT \u00d6ZG\u00dcR ALP D\u00dcNYA EV\u0130NE G\u0130RD\u0130"},"content":{"rendered":"<p>&nbsp;<\/p>\n<p>&nbsp;<\/p>\n<p>Muhte\u015fem d\u00fc\u011f\u00fcn\u00fcn haz\u0131rl\u0131klar\u0131 aylar \u00f6ncesinde ba\u015flad\u0131. O \u00f6nemli g\u00fcn, o g\u00fczel g\u00fcn gelip kap\u0131ya dayand\u0131. Haz\u0131rl\u0131klar bitti, \u00f6nce ni\u015fan yap\u0131ld\u0131, \u201cAllah tamam\u0131na erdirsin\u201d dua ve temennide bulunuldu. Daha sonra k\u0131na gelin taraf\u0131nda, Kayseri\u2019de yap\u0131ld\u0131. D\u00fc\u011f\u00fcn ise Mardin\u2019de K\u0131z\u0131ltepe\u2019de oldu. Hem taraflar b\u00f6yle istedi hem \u00f6rf ve adetler de \u00f6yle diyordu.<\/p>\n<p>Adettir, d\u00fc\u011f\u00fcne e\u015f, dost, akraba, kom\u015fu d\u00fc\u011f\u00fcne davet edilir. Bu da yap\u0131ld\u0131. Titizlikle \u00e7al\u0131\u015fmalar s\u00fcrd\u00fcr\u00fcld\u00fc. Hi\u00e7 kimse unutulmamaya \u00e7al\u0131\u015f\u0131ld\u0131.<\/p>\n<p>Salona belirlenen saatle davetliler gelmeye ba\u015flad\u0131. Salonun giri\u015finde damad\u0131n amcalar\u0131 Osman Alp, Ahmet Alp, Abdulbaki Alp ve damad\u0131n babas\u0131 \u0130smet Alp konuklar\u0131n\u0131 kar\u015f\u0131layarak \u201cHo\u015f Geldiniz\u201d s\u00f6z\u00fcyle kar\u015f\u0131lad\u0131lar. Konuklar ise \u201cHay\u0131rl\u0131 Olsun\u201d dile\u011finde bulundu.<\/p>\n<p>D\u00fc\u011f\u00fcne Erbani a\u015firetleri b\u00fcy\u00fck kat\u0131l\u0131m g\u00f6stererek bu g\u00fczel g\u00fcn\u00fcn sevincine ortak oldu, \u015fahitlik yapt\u0131. K\u0131z\u0131ltepe\u2019de y\u0131llard\u0131r e\u011fitim camias\u0131nda idarecilik yapan \u0130smet Alp\u2019\u0131 bu \u00f6zel ve g\u00fczel g\u00fcn\u00fcnde dostlar\u0131 ve meslekta\u015flar\u0131 yaln\u0131z b\u0131rakmad\u0131. Gen\u00e7 avukat ve Damat \u00d6zg\u00fcr Alp\u2019\u0131n da meslekta\u015flar\u0131 ve arkada\u015flar\u0131 bu g\u00fczel g\u00fcn\u00fcnde yanlar\u0131nda oldular.<\/p>\n<div class=\"mceTemp\"><img fetchpriority=\"high\" decoding=\"async\" class=\"size-medium wp-image-113068\" src=\"https:\/\/mardinhaberyolu.com\/wp-content\/uploads\/2026\/04\/IMG20260408203220-300x225.jpg\" alt=\"\" width=\"300\" height=\"225\" srcset=\"https:\/\/mardinhaberyolu.com\/wp-content\/uploads\/2026\/04\/IMG20260408203220-300x225.jpg 300w, https:\/\/mardinhaberyolu.com\/wp-content\/uploads\/2026\/04\/IMG20260408203220-1024x768.jpg 1024w, https:\/\/mardinhaberyolu.com\/wp-content\/uploads\/2026\/04\/IMG20260408203220-768x576.jpg 768w, https:\/\/mardinhaberyolu.com\/wp-content\/uploads\/2026\/04\/IMG20260408203220-1536x1152.jpg 1536w, https:\/\/mardinhaberyolu.com\/wp-content\/uploads\/2026\/04\/IMG20260408203220-2048x1536.jpg 2048w\" sizes=\"(max-width: 300px) 100vw, 300px\" \/><img decoding=\"async\" class=\"alignnone size-medium wp-image-113069\" src=\"https:\/\/mardinhaberyolu.com\/wp-content\/uploads\/2026\/04\/IMG-20260409-WA0022-300x225.jpg\" alt=\"\" width=\"300\" height=\"225\" srcset=\"https:\/\/mardinhaberyolu.com\/wp-content\/uploads\/2026\/04\/IMG-20260409-WA0022-300x225.jpg 300w, https:\/\/mardinhaberyolu.com\/wp-content\/uploads\/2026\/04\/IMG-20260409-WA0022-1024x768.jpg 1024w, https:\/\/mardinhaberyolu.com\/wp-content\/uploads\/2026\/04\/IMG-20260409-WA0022-768x576.jpg 768w, https:\/\/mardinhaberyolu.com\/wp-content\/uploads\/2026\/04\/IMG-20260409-WA0022-1536x1152.jpg 1536w, https:\/\/mardinhaberyolu.com\/wp-content\/uploads\/2026\/04\/IMG-20260409-WA0022.jpg 2048w\" sizes=\"(max-width: 300px) 100vw, 300px\" \/> <img decoding=\"async\" class=\"alignnone size-medium wp-image-113070\" src=\"https:\/\/mardinhaberyolu.com\/wp-content\/uploads\/2026\/04\/IMG-20260409-WA0023-300x225.jpg\" alt=\"\" width=\"300\" height=\"225\" srcset=\"https:\/\/mardinhaberyolu.com\/wp-content\/uploads\/2026\/04\/IMG-20260409-WA0023-300x225.jpg 300w, https:\/\/mardinhaberyolu.com\/wp-content\/uploads\/2026\/04\/IMG-20260409-WA0023-1024x768.jpg 1024w, https:\/\/mardinhaberyolu.com\/wp-content\/uploads\/2026\/04\/IMG-20260409-WA0023-768x576.jpg 768w, https:\/\/mardinhaberyolu.com\/wp-content\/uploads\/2026\/04\/IMG-20260409-WA0023-1536x1152.jpg 1536w, https:\/\/mardinhaberyolu.com\/wp-content\/uploads\/2026\/04\/IMG-20260409-WA0023.jpg 2048w\" sizes=\"(max-width: 300px) 100vw, 300px\" \/><\/div>\n<p><strong>Nikah \u015eahitli\u011fini Mehmet Vejdin Kahraman Yapt\u0131<\/strong><\/p>\n<p>Gelin ve damat salona y\u00f6resel m\u00fczik ile d\u00fc\u011f\u00fcnlerimizin sembol\u00fc haline gelmi\u015f z\u0131lg\u0131tlar e\u015fli\u011finde giri\u015f yapt\u0131. \u0130lk dans\u0131n ard\u0131ndan d\u00fc\u011f\u00fcn y\u00f6resel m\u00fczi\u011fin birbirinden g\u00fczel par\u00e7alar\u0131 ile devam etti. Ve nikah i\u00e7in beklenen saat geldi.<\/p>\n<div style=\"width: 1920px;\" class=\"wp-video\"><video class=\"wp-video-shortcode\" id=\"video-113065-1\" width=\"1920\" height=\"1080\" preload=\"metadata\" controls=\"controls\"><source type=\"video\/mp4\" src=\"https:\/\/mardinhaberyolu.com\/wp-content\/uploads\/2026\/04\/VID20260408201526-1.mp4?_=1\" \/><a href=\"https:\/\/mardinhaberyolu.com\/wp-content\/uploads\/2026\/04\/VID20260408201526-1.mp4\">https:\/\/mardinhaberyolu.com\/wp-content\/uploads\/2026\/04\/VID20260408201526-1.mp4<\/a><\/video><\/div>\n<p>\u015eahitlik i\u00e7in Mehmet Vejdin Kahraman, Erbani ve \u015e\u00eaxi a\u015firetinin lideri olarak anons edildi. Di\u011fer \u015fahitler ise Mardin Baro Ba\u015fkan\u0131 Av. Ahmet Duyan ve gelin taraf\u0131 i\u00e7in Nazan Alp Demir oldu. \u00a0\u0130mzalar at\u0131ld\u0131 ve Mehmet Vejdi Kahraman gen\u00e7 \u00e7ifte mutluluklar dileyerek sa\u011flam bir toplumun olu\u015fmas\u0131nda sa\u011flam ailenin oldu\u011funu belirtti. Evlenme c\u00fczdan\u0131n\u0131 gen\u00e7 \u00e7ifte teslim ederken bir uyar\u0131da bulundu: Buna ikinizin de sahip \u00e7\u0131kman\u0131z\u0131 istiyorum.<\/p>\n<p>Siyaset\u00e7i ve Kanaat \u00d6nderi Mehmet Vejdi Kahraman\u2019\u0131n yan\u0131 s\u0131ra siyaset\u00e7i Ali Osman Tutal, Tefti\u015f Kurulu Ba\u015fkan\u0131 S\u00fcleyman Ak\u0131n, K\u0131z\u0131ltepe Mardin Milli E\u011fitim \u015eube M\u00fcd\u00fcr\u00fc Mehmet Akda\u011f, Ye\u015filli \u0130l\u00e7e Milli E\u011fitim M\u00fcd\u00fcr\u00fc Mustafa Kahraman gibi isimler de d\u00fc\u011f\u00fcne kat\u0131ld\u0131.<\/p>\n<p>Misafirlere b\u00f6lge mutfa\u011f\u0131n\u0131n simgesi olan kavurma yeme\u011fi ikram edildi. D\u00fc\u011f\u00fcn gecenin ge\u00e7 saatlerine kadar y\u00f6resel oyunlarla devam etti.<\/p>\n<div style=\"width: 848px;\" class=\"wp-video\"><video class=\"wp-video-shortcode\" id=\"video-113065-2\" width=\"848\" height=\"478\" preload=\"metadata\" controls=\"controls\"><source type=\"video\/mp4\" src=\"https:\/\/mardinhaberyolu.com\/wp-content\/uploads\/2026\/04\/VID-20260409-WA0024-1.mp4?_=2\" \/><a href=\"https:\/\/mardinhaberyolu.com\/wp-content\/uploads\/2026\/04\/VID-20260409-WA0024-1.mp4\">https:\/\/mardinhaberyolu.com\/wp-content\/uploads\/2026\/04\/VID-20260409-WA0024-1.mp4<\/a><\/video><\/div>\n<div style=\"width: 1920px;\" class=\"wp-video\"><video class=\"wp-video-shortcode\" id=\"video-113065-3\" width=\"1920\" height=\"1080\" preload=\"metadata\" controls=\"controls\"><source type=\"video\/mp4\" src=\"https:\/\/mardinhaberyolu.com\/wp-content\/uploads\/2026\/04\/VID20260408193427.mp4?_=3\" \/><a href=\"https:\/\/mardinhaberyolu.com\/wp-content\/uploads\/2026\/04\/VID20260408193427.mp4\">https:\/\/mardinhaberyolu.com\/wp-content\/uploads\/2026\/04\/VID20260408193427.mp4<\/a><\/video><\/div>\n<p>&nbsp;<\/p>\n<p>Biz de Mardin Haberyolu internet haber sitesi olarak gelin ve damada \u00f6m\u00fcr boyu mutluluklar diliyoruz.<\/p>\n","protected":false},"excerpt":{"rendered":"<p>Erbani A\u015fireti (\u015e\u00eaxi) mensup Alp ailesinin yak\u0131\u015f\u0131kl\u0131, gen\u00e7 avukat\u0131 \u00d6zg\u00fcr Alp, hayat\u0131n\u0131 g\u00fczeller g\u00fczeli G\u00fcls\u00fcm Akarsu ile birle\u015ftirerek d\u00fcnya evine girdi. Muhte\u015fem bir d\u00fc\u011f\u00fcnle hayatlar\u0131n\u0131 birle\u015ftiren gen\u00e7 \u00e7ifte Mehmet Vejdin Kahraman \u015fahitlik yapt\u0131.<\/p>\n","protected":false},"author":1,"featured_media":113067,"comment_status":"open","ping_status":"open","sticky":false,"template":"","format":"standard","meta":{"footnotes":""},"categories":[3,2,4,18,30],"tags":[],"class_list":["post-113065","post","type-post","status-publish","format-standard","has-post-thumbnail","hentry","category-guncel","category-kiziltepe","category-manset","category-toplumsal-yasam-gundem","category-ust-manset"],"_links":{"self":[{"href":"https:\/\/mardinhaberyolu.com\/index.php?rest_route=\/wp\/v2\/posts\/113065","targetHints":{"allow":["GET"]}}],"collection":[{"href":"https:\/\/mardinhaberyolu.com\/index.php?rest_route=\/wp\/v2\/posts"}],"about":[{"href":"https:\/\/mardinhaberyolu.com\/index.php?rest_route=\/wp\/v2\/types\/post"}],"author":[{"embeddable":true,"href":"https:\/\/mardinhaberyolu.com\/index.php?rest_route=\/wp\/v2\/users\/1"}],"replies":[{"embeddable":true,"href":"https:\/\/mardinhaberyolu.com\/index.php?rest_route=%2Fwp%2Fv2%2Fcomments&post=113065"}],"version-history":[{"count":12,"href":"https:\/\/mardinhaberyolu.com\/index.php?rest_route=\/wp\/v2\/posts\/113065\/revisions"}],"predecessor-version":[{"id":113093,"href":"https:\/\/mardinhaberyolu.com\/index.php?rest_route=\/wp\/v2\/posts\/113065\/revisions\/113093"}],"wp:featuredmedia":[{"embeddable":true,"href":"https:\/\/mardinhaberyolu.com\/index.php?rest_route=\/wp\/v2\/media\/113067"}],"wp:attachment":[{"href":"https:\/\/mardinhaberyolu.com\/index.php?rest_route=%2Fwp%2Fv2%2Fmedia&parent=113065"}],"wp:term":[{"taxonomy":"category","embeddable":true,"href":"https:\/\/mardinhaberyolu.com\/index.php?rest_route=%2Fwp%2Fv2%2Fcategories&post=113065"},{"taxonomy":"post_tag","embeddable":true,"href":"https:\/\/mardinhaberyolu.com\/index.php?rest_route=%2Fwp%2Fv2%2Ftags&post=113065"}],"curies":[{"name":"wp","href":"https:\/\/api.w.org\/{rel}","templated":true}]}}