{"id":113057,"date":"2026-04-08T08:16:16","date_gmt":"2026-04-08T08:16:16","guid":{"rendered":"https:\/\/mardinhaberyolu.com\/?p=113057"},"modified":"2026-04-08T08:16:16","modified_gmt":"2026-04-08T08:16:16","slug":"imam-hatip-spor-okullari-mardin-il-sampiyonasi-heyecanli-bekleyis","status":"publish","type":"post","link":"https:\/\/mardinhaberyolu.com\/?p=113057","title":{"rendered":"\u0130mam Hatip Spor Okullar\u0131 Mardin \u0130l \u015eampiyonas\u0131 Heyecanl\u0131 Bekleyi\u015f"},"content":{"rendered":"<p>&nbsp;<\/p>\n<p>Mardin \u00d6nder Derne\u011fi b\u00fcnyesinde bulunan \u00d6nc\u00fc Spor Kul\u00fcb\u00fc \u2018\u0130mam Hatip Spor Oyunlar\u0131\u2019 programlar\u0131 kapsam\u0131nda 6 dalda ger\u00e7ekle\u015ftirece\u011fi m\u00fcsabakalarla imam hatip okullar\u0131nda okuyan gen\u00e7leri sporla bulu\u015fturacak.<\/p>\n<p>Mardin \u00d6nder Derne\u011fi b\u00fcnyesinde bulunan \u00d6nc\u00fc Spor Kul\u00fcb\u00fc; Badminton, voleybol, kros, 3&#215;3 basketbol, futsal ve masa tenisi olmak \u00fczere 6 dalda ger\u00e7ekle\u015ftirece\u011fi m\u00fcsabakalarla il baz\u0131nda imam hatip okullar\u0131nda okuyan gen\u00e7leri sporla bulu\u015fturarak bu alanda b\u00fcy\u00fck bir fark\u0131ndal\u0131\u011f\u0131 meydana getirecek.<\/p>\n<p>Mardin \u00d6nder Ba\u015fkan\u0131 Enes G\u00fcne\u015f ger\u00e7ekle\u015ftirilecek m\u00fcsabakalara ili\u015fkin yapt\u0131\u011f\u0131 bilgilendirmede, \u201c\u0130mam hatip okullar\u0131 aras\u0131nda d\u00fczenleyece\u011fimiz bu spor oyunlar\u0131yla gen\u00e7lerimiz hem yeteneklerini sergileyecek hem de bu alanda \u00f6nemli bir heyecana vesile olacaklar. Bizlerde imam hatip \u00f6\u011frencileri ba\u015fta olmak \u00fczere t\u00fcm gen\u00e7lerimizin her alanda yeteneklerini sergilemeleri i\u00e7in elimizden gelenin en iyisini yapmaya gayret g\u00f6steriyoruz. T\u00fcm bran\u015flarda m\u00fcsabakalara kat\u0131l\u0131m sa\u011flayacak gen\u00e7lerimiz 06 Nisan ile 17 Nisan tarihleri aras\u0131nda ba\u015fvurular\u0131n\u0131 ilgili yerlere ger\u00e7ekle\u015ftirebilecekler. Toplum yarar\u0131na ger\u00e7ekle\u015ftirdi\u011fimiz bir\u00e7ok \u00e7al\u0131\u015fmalarda oldu\u011fu gibi bu \u00f6nemli programlarda da desteklerini esirgemeyen Mardin Valili\u011fi, Mardin B\u00fcy\u00fck\u015fehir Belediyesi, Mardin Gen\u00e7lik ve Spor \u0130l M\u00fcd\u00fcrl\u00fc\u011f\u00fc ve Mardin \u0130l Milli E\u011fitim M\u00fcd\u00fcrl\u00fc\u011f\u00fc\u2019ne \u015f\u00fckranlar\u0131m\u0131 sunuyorum. Ayr\u0131ca i\u015fin koordinat\u00f6rl\u00fc\u011f\u00fcn\u00fc b\u00fcy\u00fck bir titizlikle ger\u00e7ekle\u015ftiren \u00d6nc\u00fc Spor Kul\u00fcb\u00fc Ba\u015fkan\u0131m\u0131z Emre Demirat\u2019a te\u015fekk\u00fcr ediyor, m\u00fcsabakalara kat\u0131lacak t\u00fcm gen\u00e7lerimize ba\u015far\u0131lar diliyorum.\u201d<\/p>\n<p>Haber Merkezi<\/p>\n","protected":false},"excerpt":{"rendered":"<p>Mardin \u00d6nder B\u00fcnyesinde Start\u0131 Verilecek Olan \u0130mam Hatip Spor Okullar\u0131 Mardin \u0130l \u015eampiyonas\u0131 Heyecan\u0131 Ba\u015fl\u0131yor<\/p>\n","protected":false},"author":1,"featured_media":113058,"comment_status":"open","ping_status":"open","sticky":false,"template":"","format":"standard","meta":{"footnotes":""},"categories":[4,9,7],"tags":[],"class_list":["post-113057","post","type-post","status-publish","format-standard","has-post-thumbnail","hentry","category-manset","category-mardin","category-spor"],"_links":{"self":[{"href":"https:\/\/mardinhaberyolu.com\/index.php?rest_route=\/wp\/v2\/posts\/113057","targetHints":{"allow":["GET"]}}],"collection":[{"href":"https:\/\/mardinhaberyolu.com\/index.php?rest_route=\/wp\/v2\/posts"}],"about":[{"href":"https:\/\/mardinhaberyolu.com\/index.php?rest_route=\/wp\/v2\/types\/post"}],"author":[{"embeddable":true,"href":"https:\/\/mardinhaberyolu.com\/index.php?rest_route=\/wp\/v2\/users\/1"}],"replies":[{"embeddable":true,"href":"https:\/\/mardinhaberyolu.com\/index.php?rest_route=%2Fwp%2Fv2%2Fcomments&post=113057"}],"version-history":[{"count":1,"href":"https:\/\/mardinhaberyolu.com\/index.php?rest_route=\/wp\/v2\/posts\/113057\/revisions"}],"predecessor-version":[{"id":113059,"href":"https:\/\/mardinhaberyolu.com\/index.php?rest_route=\/wp\/v2\/posts\/113057\/revisions\/113059"}],"wp:featuredmedia":[{"embeddable":true,"href":"https:\/\/mardinhaberyolu.com\/index.php?rest_route=\/wp\/v2\/media\/113058"}],"wp:attachment":[{"href":"https:\/\/mardinhaberyolu.com\/index.php?rest_route=%2Fwp%2Fv2%2Fmedia&parent=113057"}],"wp:term":[{"taxonomy":"category","embeddable":true,"href":"https:\/\/mardinhaberyolu.com\/index.php?rest_route=%2Fwp%2Fv2%2Fcategories&post=113057"},{"taxonomy":"post_tag","embeddable":true,"href":"https:\/\/mardinhaberyolu.com\/index.php?rest_route=%2Fwp%2Fv2%2Ftags&post=113057"}],"curies":[{"name":"wp","href":"https:\/\/api.w.org\/{rel}","templated":true}]}}