{"id":113043,"date":"2026-04-07T13:30:54","date_gmt":"2026-04-07T13:30:54","guid":{"rendered":"https:\/\/mardinhaberyolu.com\/?p=113043"},"modified":"2026-04-07T13:30:54","modified_gmt":"2026-04-07T13:30:54","slug":"nusaybin-esnaf-ve-sanatkarlar-odasi-baskani-ozel-nusaybin-sinir-kapisi-yeniden-acilsin","status":"publish","type":"post","link":"https:\/\/mardinhaberyolu.com\/?p=113043","title":{"rendered":"Nusaybin Esnaf ve Sanatkarlar Odas\u0131 Ba\u015fkan\u0131 \u00d6zel: Nusaybin S\u0131n\u0131r Kap\u0131s\u0131 yeniden A\u00e7\u0131ls\u0131n"},"content":{"rendered":"<p>Nusaybin Esnaf ve Sanatkarlar Odas\u0131 Ba\u015fkan\u0131 \u00d6mer \u00d6zel, Ticaret Bakan\u0131 \u00d6mer Bolat ile Suriye Ekonomi ve Sanayi Bakan\u0131 Muhammed Nidal E\u015f- \u015eaar ile bir araya geldi\u011fini belirterek Nusaybin S\u0131n\u0131r kap\u0131s\u0131n\u0131n yeniden a\u00e7\u0131lmas\u0131n\u0131 g\u00f6r\u00fc\u015ft\u00fcklerini ve bunun iki \u00fclke aras\u0131ndaki ticari ili\u015fkilerinin geli\u015ftirilmesini etkileyece\u011fini a\u00e7\u0131klad\u0131.<\/p>\n<p>DE\u0130K Suriye \u0130\u015f Konseyi Ba\u015fkan Yard\u0131mc\u0131l\u0131\u011f\u0131 g\u00f6revi kapsam\u0131nda her iki bakanla bir araya geldi\u011fini belirten \u00a0Nusaybin Esnaf ve Sanatkarlar Odas\u0131 Ba\u015fkan\u0131 \u00d6mer \u00d6zel, iki \u00fclke aras\u0131ndaki ticari ili\u015fkilerinin geli\u015fmesi, b\u00f6lgesel ekonomik i\u015fbirli\u011finin de g\u00fc\u00e7lenmesi anlam\u0131na geldi\u011fini ifade etti.<\/p>\n<p>Konuyla ilgili soru ve taleplerini muhatap bakanlara sunduklar\u0131n\u0131 vurgulayan Ba\u015fkan \u00d6zel, \u201cTaraf\u0131m\u0131za do\u011frudan yap\u0131lan a\u00e7\u0131klamada hen\u00fcz net bir tarih belirlenmedi\u011fi, ancak \u00e7al\u0131\u015fmalar\u0131n titizlikle s\u00fcrd\u00fcr\u00fcld\u00fc\u011f\u00fcn\u00fc ifade edilmi\u015ftir\u201d \u015feklinde s\u00fcrecin sonuna geldi\u011fi m\u00fcjdesini verdi.<\/p>\n<p>Ba\u015fkan \u00d6zel, \u201cG\u00fc\u00e7l\u00fc Esnaf, G\u00fc\u00e7l\u00fc Nusaybin\u201d \u015fiar\u0131yla \u00e7al\u0131\u015fmalar\u0131n\u0131 s\u00fcrd\u00fc\u011f\u00fcn\u00fc ifade etti.<\/p>\n","protected":false},"excerpt":{"rendered":"<p>Nusaybin Esnaf ve Sanatkarlar Odas\u0131 Ba\u015fkan\u0131 \u00d6mer \u00d6zel, T\u00fcrkiye-Suriye \u0130\u015f Yat\u0131r\u0131m Forumuna kat\u0131ld\u0131\u011f\u0131n\u0131 ve Nusaybin S\u0131n\u0131r kap\u0131s\u0131n\u0131n yeniden a\u00e7\u0131lmas\u0131n\u0131 g\u00fcndeme getirdi\u011fini a\u00e7\u0131klad\u0131.<\/p>\n","protected":false},"author":1,"featured_media":113044,"comment_status":"open","ping_status":"open","sticky":false,"template":"","format":"standard","meta":{"footnotes":""},"categories":[6,4,9,30],"tags":[],"class_list":["post-113043","post","type-post","status-publish","format-standard","has-post-thumbnail","hentry","category-ekonomi","category-manset","category-mardin","category-ust-manset"],"_links":{"self":[{"href":"https:\/\/mardinhaberyolu.com\/index.php?rest_route=\/wp\/v2\/posts\/113043","targetHints":{"allow":["GET"]}}],"collection":[{"href":"https:\/\/mardinhaberyolu.com\/index.php?rest_route=\/wp\/v2\/posts"}],"about":[{"href":"https:\/\/mardinhaberyolu.com\/index.php?rest_route=\/wp\/v2\/types\/post"}],"author":[{"embeddable":true,"href":"https:\/\/mardinhaberyolu.com\/index.php?rest_route=\/wp\/v2\/users\/1"}],"replies":[{"embeddable":true,"href":"https:\/\/mardinhaberyolu.com\/index.php?rest_route=%2Fwp%2Fv2%2Fcomments&post=113043"}],"version-history":[{"count":1,"href":"https:\/\/mardinhaberyolu.com\/index.php?rest_route=\/wp\/v2\/posts\/113043\/revisions"}],"predecessor-version":[{"id":113045,"href":"https:\/\/mardinhaberyolu.com\/index.php?rest_route=\/wp\/v2\/posts\/113043\/revisions\/113045"}],"wp:featuredmedia":[{"embeddable":true,"href":"https:\/\/mardinhaberyolu.com\/index.php?rest_route=\/wp\/v2\/media\/113044"}],"wp:attachment":[{"href":"https:\/\/mardinhaberyolu.com\/index.php?rest_route=%2Fwp%2Fv2%2Fmedia&parent=113043"}],"wp:term":[{"taxonomy":"category","embeddable":true,"href":"https:\/\/mardinhaberyolu.com\/index.php?rest_route=%2Fwp%2Fv2%2Fcategories&post=113043"},{"taxonomy":"post_tag","embeddable":true,"href":"https:\/\/mardinhaberyolu.com\/index.php?rest_route=%2Fwp%2Fv2%2Ftags&post=113043"}],"curies":[{"name":"wp","href":"https:\/\/api.w.org\/{rel}","templated":true}]}}