{"id":113039,"date":"2026-04-07T12:13:35","date_gmt":"2026-04-07T12:13:35","guid":{"rendered":"https:\/\/mardinhaberyolu.com\/?p=113039"},"modified":"2026-04-07T12:13:35","modified_gmt":"2026-04-07T12:13:35","slug":"ak-parti-nusaybin-heyetinden-kaymakam-evren-cakira-ziyaret","status":"publish","type":"post","link":"https:\/\/mardinhaberyolu.com\/?p=113039","title":{"rendered":"AK Parti Nusaybin Heyetinden Kaymakam Evren \u00c7ak\u0131r&#8217;a Ziyaret"},"content":{"rendered":"<p>&nbsp;<\/p>\n<p>AK Parti Nusaybin \u0130l\u00e7e Ba\u015fkan\u0131 \u0130rfan Y\u0131ld\u0131zo\u011flu y\u00f6netim kurulu \u00fcyelerinden olu\u015fan heyetle Nusaybin Kaymakam\u0131 Evren \u00c7ak\u0131r\u2019a ziyarette bulundular.<\/p>\n<p>\u0130l\u00e7e g\u00fcndemini yak\u0131ndan ilgilendiren konulara de\u011findiklerini belirten Y\u0131ld\u0131zo\u011flu, &#8220;Kadim il\u00e7emiz son s\u00fcre\u00e7te \u00f6nemli bir yol kat ederek yerel \u00e7al\u0131\u015fmalar ba\u015fta olmak \u00fczere turizm ve ticari konular\u0131n tamam\u0131nda \u00f6rnek te\u015fkil edecek duruma geldi. \u0130l\u00e7emizde gelinen bu s\u00fcreci \u00f6nemli bir f\u0131rsat olarak de\u011ferlendirerek daha \u0130lkeli ve kesin sonu\u00e7 olu\u015fturacak \u00e7al\u0131\u015fmalar\u0131 hayata ge\u00e7irmeye devam edece\u011fiz. Bu anlamda daha ya\u015fan\u0131labilir bir Nusaybin i\u00e7in \u00e7al\u0131\u015fan, emek harcayan herkese minnettar oldu\u011fumuzu belirtmek istiyorum. Say\u0131n kaymakam\u0131m\u0131zla yap\u0131lan t\u00fcm \u00e7al\u0131\u015fmalar\u0131n merkezinde yer alarak Nusaybin i\u00e7in b\u00fcy\u00fck katk\u0131larda bulunmu\u015ftur. Kendisine de ayr\u0131ca te\u015fekk\u00fcr ediyorum.&#8221;<\/p>\n<p><img fetchpriority=\"high\" decoding=\"async\" class=\"alignnone size-medium wp-image-113041\" src=\"https:\/\/mardinhaberyolu.com\/wp-content\/uploads\/2026\/04\/e2-300x189.jpg\" alt=\"\" width=\"300\" height=\"189\" srcset=\"https:\/\/mardinhaberyolu.com\/wp-content\/uploads\/2026\/04\/e2-300x189.jpg 300w, https:\/\/mardinhaberyolu.com\/wp-content\/uploads\/2026\/04\/e2-1024x644.jpg 1024w, https:\/\/mardinhaberyolu.com\/wp-content\/uploads\/2026\/04\/e2-768x483.jpg 768w, https:\/\/mardinhaberyolu.com\/wp-content\/uploads\/2026\/04\/e2.jpg 1286w\" sizes=\"(max-width: 300px) 100vw, 300px\" \/><\/p>\n<p>Haber Merkezi<\/p>\n","protected":false},"excerpt":{"rendered":"<p>&nbsp; AK Parti Nusaybin \u0130l\u00e7e Ba\u015fkan\u0131 \u0130rfan Y\u0131ld\u0131zo\u011flu y\u00f6netim kurulu \u00fcyelerinden olu\u015fan heyetle Nusaybin Kaymakam\u0131 Evren \u00c7ak\u0131r\u2019a ziyarette bulundular. \u0130l\u00e7e g\u00fcndemini yak\u0131ndan ilgilendiren konulara de\u011findiklerini belirten Y\u0131ld\u0131zo\u011flu, &#8220;Kadim il\u00e7emiz son s\u00fcre\u00e7te \u00f6nemli bir yol kat ederek yerel \u00e7al\u0131\u015fmalar ba\u015fta olmak \u00fczere turizm ve ticari konular\u0131n tamam\u0131nda \u00f6rnek te\u015fkil edecek duruma geldi. \u0130l\u00e7emizde gelinen bu s\u00fcreci [&hellip;]<\/p>\n","protected":false},"author":1,"featured_media":113040,"comment_status":"open","ping_status":"open","sticky":false,"template":"","format":"standard","meta":{"footnotes":""},"categories":[3,4,9,8,30],"tags":[],"class_list":["post-113039","post","type-post","status-publish","format-standard","has-post-thumbnail","hentry","category-guncel","category-manset","category-mardin","category-politika","category-ust-manset"],"_links":{"self":[{"href":"https:\/\/mardinhaberyolu.com\/index.php?rest_route=\/wp\/v2\/posts\/113039","targetHints":{"allow":["GET"]}}],"collection":[{"href":"https:\/\/mardinhaberyolu.com\/index.php?rest_route=\/wp\/v2\/posts"}],"about":[{"href":"https:\/\/mardinhaberyolu.com\/index.php?rest_route=\/wp\/v2\/types\/post"}],"author":[{"embeddable":true,"href":"https:\/\/mardinhaberyolu.com\/index.php?rest_route=\/wp\/v2\/users\/1"}],"replies":[{"embeddable":true,"href":"https:\/\/mardinhaberyolu.com\/index.php?rest_route=%2Fwp%2Fv2%2Fcomments&post=113039"}],"version-history":[{"count":1,"href":"https:\/\/mardinhaberyolu.com\/index.php?rest_route=\/wp\/v2\/posts\/113039\/revisions"}],"predecessor-version":[{"id":113042,"href":"https:\/\/mardinhaberyolu.com\/index.php?rest_route=\/wp\/v2\/posts\/113039\/revisions\/113042"}],"wp:featuredmedia":[{"embeddable":true,"href":"https:\/\/mardinhaberyolu.com\/index.php?rest_route=\/wp\/v2\/media\/113040"}],"wp:attachment":[{"href":"https:\/\/mardinhaberyolu.com\/index.php?rest_route=%2Fwp%2Fv2%2Fmedia&parent=113039"}],"wp:term":[{"taxonomy":"category","embeddable":true,"href":"https:\/\/mardinhaberyolu.com\/index.php?rest_route=%2Fwp%2Fv2%2Fcategories&post=113039"},{"taxonomy":"post_tag","embeddable":true,"href":"https:\/\/mardinhaberyolu.com\/index.php?rest_route=%2Fwp%2Fv2%2Ftags&post=113039"}],"curies":[{"name":"wp","href":"https:\/\/api.w.org\/{rel}","templated":true}]}}