{"id":113036,"date":"2026-04-06T10:31:31","date_gmt":"2026-04-06T10:31:31","guid":{"rendered":"https:\/\/mardinhaberyolu.com\/?p=113036"},"modified":"2026-04-06T10:31:31","modified_gmt":"2026-04-06T10:31:31","slug":"issizlik-mi-vazgecis-mi","status":"publish","type":"post","link":"https:\/\/mardinhaberyolu.com\/?p=113036","title":{"rendered":"\u0130\u015eS\u0130ZL\u0130K M\u0130, VAZGE\u00c7\u0130\u015e M\u0130?"},"content":{"rendered":"<p>&nbsp;<\/p>\n<p>\u00c7\u00fcnk\u00fc i\u015fsizlik sadece cebin bo\u015f kalmas\u0131 de\u011fildir; insan\u0131n i\u00e7inin de yava\u015f yava\u015f bo\u015falmas\u0131d\u0131r. Sabah kalkacak bir nedeni, bir hedefi, bir umudu kalmamas\u0131d\u0131r. T\u00fcrkiye\u2019de bug\u00fcn konu\u015fmam\u0131z gereken tam da budur. \u0130\u015fsizler de\u011fil, i\u015f aramaktan vazge\u00e7enler.<\/p>\n<p>Resmi verilere g\u00f6re T\u00fcrkiye\u2019de i\u015fsiz say\u0131s\u0131 milyonlarla ifade ediliyor. Ancak meselenin g\u00f6r\u00fcnmeyen y\u00fcz\u00fc daha \u00e7arp\u0131c\u0131. \u00c7\u00fcnk\u00fc yakla\u015f\u0131k 2 milyon 500 bin ki\u015finin i\u015f aramaktan vazge\u00e7ti\u011fi ifade ediliyor. Yani bu insanlar art\u0131k istatistiklerde bile <strong>\u2018i\u015fsiz\u2019<\/strong> say\u0131lm\u0131yor. \u00c7\u00fcnk\u00fc sistem diyor ki; <strong>\u2018\u0130\u015f aram\u0131yorsan i\u015fsiz de\u011filsin.\u2019 <\/strong>Peki ger\u00e7ekten \u00f6yle mi?<\/p>\n<p><strong>\u0130\u015eS\u0130ZL\u0130K DE\u011e\u0130L, S\u0130STEM\u0130N DI\u015eINA \u0130T\u0130LMEK<\/strong><\/p>\n<p>T\u00fcrkiye\u2019de resmi i\u015fsiz say\u0131s\u0131n\u0131n yakla\u015f\u0131k 2 milyon 800 bin civar\u0131nda oldu\u011fu a\u00e7\u0131klan\u0131yor. Ancak ba\u011f\u0131ms\u0131z ara\u015ft\u0131rmalar ve muhalif \u00e7evreler bu rakam\u0131n ger\u00e7e\u011fi yans\u0131tmad\u0131\u011f\u0131n\u0131, geni\u015f tan\u0131ml\u0131 i\u015fsizli\u011fin \u00e7ok daha y\u00fcksek oldu\u011funu s\u00f6yl\u00fcyor.<\/p>\n<p>\u00c7\u00fcnk\u00fc bu tabloda;<\/p>\n<p><strong>Umudunu kaybetti\u011fi i\u00e7in i\u015f aramayanlar,<\/strong><\/p>\n<p><strong>\u2018Nas\u0131l olsa bulamam\u2019 diyen gen\u00e7ler,<\/strong><\/p>\n<p><strong>Evden \u00e7\u0131kmay\u0131 bile b\u0131rakan insanlar \u00e7ok.<\/strong><\/p>\n<p>Oysa ger\u00e7ek i\u015fsizlik tam da burada ba\u015fl\u0131yor. Bug\u00fcn T\u00fcrkiye\u2019de \u00fcniversite mezunu gen\u00e7ler; kendi alan\u0131nda i\u015f bulamad\u0131\u011f\u0131 i\u00e7in ba\u015fka i\u015flerde \u00e7al\u0131\u015f\u0131yor, hatta \u00e7o\u011fu zaman asgari \u00fccretin bile alt\u0131nda bir hayata raz\u0131 oluyor.<\/p>\n<p><strong>Bir m\u00fchendis pazarda tezg\u00e2h a\u00e7\u0131yor,<\/strong><\/p>\n<p><strong>Bir \u00f6\u011fretmen \u00f6zel ders bulamazsa kuryelik yap\u0131yor,<\/strong><\/p>\n<p><strong>Bir iktisat mezunu aylarca i\u015f ilanlar\u0131na bak\u0131p hi\u00e7bir d\u00f6n\u00fc\u015f alam\u0131yor\u2026<\/strong><\/p>\n<p>Sonra bir g\u00fcn vazge\u00e7iyor. \u0130\u015fte o g\u00fcn, sadece bir ki\u015fi i\u015f aramay\u0131 b\u0131rakm\u0131yor\u2026 Toplum, bir insan\u0131n\u0131 daha kaybediyor.<\/p>\n<p><strong>AVRUPA\u2019DA DURUM NE, B\u0130ZDE NEDEN FARKLI?<\/strong><\/p>\n<p>Peki Avrupa Birli\u011fi \u00fclkelerinde durum nas\u0131l? Orada da i\u015fsiz var, evet\u2026 Ama <strong>\u2018i\u015f aramaktan vazge\u00e7en\u2019<\/strong> kavram\u0131 bizdeki kadar derin bir yara de\u011fil. \u00c7\u00fcnk\u00fc Avrupa\u2019da sistem, insan\u0131 i\u015fsiz kald\u0131\u011f\u0131nda yaln\u0131z b\u0131rakm\u0131yor. Bir\u00e7ok Avrupa Birli\u011fi \u00fclkesinde;<\/p>\n<p><strong>\u0130\u015fsizlik maa\u015f\u0131 daha uzun s\u00fcreli ve daha y\u00fcksek,<\/strong><\/p>\n<p><strong>\u0130\u015f bulma kurumlar\u0131 aktif \u015fekilde i\u015fsizle ilgileniyor,<\/strong><\/p>\n<p><strong>Meslek edindirme kurslar\u0131 ger\u00e7ekten i\u015fe yar\u0131yor,<\/strong><\/p>\n<p><strong>Sosyal devlet, vatanda\u015f\u0131na \u2018yaln\u0131z de\u011filsin\u2019 diyor.<\/strong><\/p>\n<p>T\u00fcrkiye\u2019de de i\u015fsizlik maa\u015f\u0131 var. Ancak; yararlanma \u015fartlar\u0131 olduk\u00e7a s\u0131n\u0131rl\u0131, s\u00fcresi k\u0131sa, miktar\u0131 ise \u00e7o\u011fu zaman temel ihtiya\u00e7lar\u0131 bile kar\u015f\u0131lamaya yetmiyor. Bu nedenle bir\u00e7ok i\u015fsiz ya bu maa\u015ftan hi\u00e7 faydalanam\u0131yor ya da k\u0131sa s\u00fcrede sistemin d\u0131\u015f\u0131na d\u00fc\u015f\u00fcyor.<\/p>\n<p>Avrupa\u2019da bir i\u015fsiz, sistemin i\u00e7inde kalmaya devam eder.<\/p>\n<p>T\u00fcrkiye\u2019de ise \u00e7o\u011fu zaman sistemin d\u0131\u015f\u0131na itilir.<\/p>\n<p>\u0130\u015fte fark tam olarak burada.<\/p>\n<p>Bir insan neden i\u015f aramaktan vazge\u00e7er?<\/p>\n<p><strong>\u00c7\u00fcnk\u00fc defalarca ba\u015fvurup cevap alamam\u0131\u015ft\u0131r.<\/strong><\/p>\n<p><strong>\u00c7\u00fcnk\u00fc torpilin, liyakatin \u00f6n\u00fcne ge\u00e7ti\u011fini g\u00f6rm\u00fc\u015ft\u00fcr.<\/strong><\/p>\n<p><strong>\u00c7\u00fcnk\u00fc eme\u011finin kar\u015f\u0131l\u0131\u011f\u0131n\u0131 alamayaca\u011f\u0131n\u0131 anlam\u0131\u015ft\u0131r.<\/strong><\/p>\n<p><strong>\u00c7\u00fcnk\u00fc yorulmu\u015ftur\u2026<\/strong><\/p>\n<p><strong>Ve en ac\u0131s\u0131; \u00e7\u00fcnk\u00fc umut etmenin bir anlam\u0131 kalmam\u0131\u015ft\u0131r.<\/strong><\/p>\n<p>Bug\u00fcn T\u00fcrkiye\u2019de i\u015fsizlik sadece ekonomik bir sorun de\u011fildir. Ayn\u0131 zamanda psikolojik, sosyal ve vicdani bir meseledir.<\/p>\n<p><strong>Evinden \u00e7\u0131kmayan gen\u00e7ler\u2026<\/strong><\/p>\n<p><strong>Diplomas\u0131n\u0131 duvara as\u0131p bakan insanlar\u2026<\/strong><\/p>\n<p><strong>Gelecek plan\u0131 yapamayan bir nesil\u2026<\/strong><\/p>\n<p>Bunlara birer rakam olarak bak\u0131lmamal\u0131. \u00c7\u00fcnk\u00fc; bunlar bir \u00fclkenin sessiz \u00e7\u0131\u011fl\u0131\u011f\u0131d\u0131r. Bu \u00fclkenin en b\u00fcy\u00fck kayb\u0131, i\u015fsiz say\u0131s\u0131 de\u011fildir. Bu \u00fclkenin en b\u00fcy\u00fck kayb\u0131, umudunu kaybeden insan say\u0131s\u0131d\u0131r.<\/p>\n<p>\u00c7\u00fcnk\u00fc i\u015f bulunur\u2026 Ama kaybedilen umut kolay kolay geri gelmez. Ve unutmayal\u0131m; Bir \u00fclkede insanlar i\u015f aramay\u0131 b\u0131rakm\u0131\u015fsa, orada sorun sadece i\u015fsizlik de\u011fil\u2026 Geleceksizliktir.<\/p>\n<p><strong>Sevgiyle kal\u0131n.<\/strong><\/p>\n","protected":false},"excerpt":{"rendered":"<p>Bir insan\u0131n i\u015fsiz kalmas\u0131 a\u011f\u0131rd\u0131r\u2026 Ama daha a\u011f\u0131r olan, i\u015f aramaktan vazge\u00e7mesidir.<\/p>\n","protected":false},"author":3,"featured_media":113037,"comment_status":"open","ping_status":"open","sticky":false,"template":"","format":"standard","meta":{"footnotes":""},"categories":[24],"tags":[],"class_list":["post-113036","post","type-post","status-publish","format-standard","has-post-thumbnail","hentry","category-yazarlar"],"_links":{"self":[{"href":"https:\/\/mardinhaberyolu.com\/index.php?rest_route=\/wp\/v2\/posts\/113036","targetHints":{"allow":["GET"]}}],"collection":[{"href":"https:\/\/mardinhaberyolu.com\/index.php?rest_route=\/wp\/v2\/posts"}],"about":[{"href":"https:\/\/mardinhaberyolu.com\/index.php?rest_route=\/wp\/v2\/types\/post"}],"author":[{"embeddable":true,"href":"https:\/\/mardinhaberyolu.com\/index.php?rest_route=\/wp\/v2\/users\/3"}],"replies":[{"embeddable":true,"href":"https:\/\/mardinhaberyolu.com\/index.php?rest_route=%2Fwp%2Fv2%2Fcomments&post=113036"}],"version-history":[{"count":1,"href":"https:\/\/mardinhaberyolu.com\/index.php?rest_route=\/wp\/v2\/posts\/113036\/revisions"}],"predecessor-version":[{"id":113038,"href":"https:\/\/mardinhaberyolu.com\/index.php?rest_route=\/wp\/v2\/posts\/113036\/revisions\/113038"}],"wp:featuredmedia":[{"embeddable":true,"href":"https:\/\/mardinhaberyolu.com\/index.php?rest_route=\/wp\/v2\/media\/113037"}],"wp:attachment":[{"href":"https:\/\/mardinhaberyolu.com\/index.php?rest_route=%2Fwp%2Fv2%2Fmedia&parent=113036"}],"wp:term":[{"taxonomy":"category","embeddable":true,"href":"https:\/\/mardinhaberyolu.com\/index.php?rest_route=%2Fwp%2Fv2%2Fcategories&post=113036"},{"taxonomy":"post_tag","embeddable":true,"href":"https:\/\/mardinhaberyolu.com\/index.php?rest_route=%2Fwp%2Fv2%2Ftags&post=113036"}],"curies":[{"name":"wp","href":"https:\/\/api.w.org\/{rel}","templated":true}]}}