{"id":113033,"date":"2026-04-06T10:24:08","date_gmt":"2026-04-06T10:24:08","guid":{"rendered":"https:\/\/mardinhaberyolu.com\/?p=113033"},"modified":"2026-04-06T10:24:08","modified_gmt":"2026-04-06T10:24:08","slug":"hububatcilar-dernegi-baskani-oterden-hukumete-cagri-mazot-ve-gubrede-vergiler-kaldirilsin","status":"publish","type":"post","link":"https:\/\/mardinhaberyolu.com\/?p=113033","title":{"rendered":"Hububat\u00e7\u0131lar Derne\u011fi Ba\u015fkan\u0131 \u00d6ter&#8217;den H\u00fck\u00fcmete \u00c7a\u011fr\u0131: Mazot ve G\u00fcbrede Vergiler Kald\u0131r\u0131ls\u0131n"},"content":{"rendered":"<p>\u0130ran&#8217;a d\u00f6n\u00fck ABD ve \u0130srail&#8217;in sald\u0131r\u0131lar\u0131na kar\u015f\u0131 \u0130ran&#8217;\u0131n H\u00fcrm\u00fcz Bo\u011faz\u0131n\u0131 kapatmas\u0131 d\u00fcnyada petrol fiyatlar\u0131n\u0131 olumsuz etkilemeye devam ediyor. T\u00fcrkiye&#8217;de mazota arka arkaya gelen zamlar\u0131n ard\u0131ndan \u00e7ift\u00e7iler de zor g\u00fcnler ya\u015f\u0131yor. Mazot ve g\u00fcbreye ba\u011f\u0131ml\u0131 faaliyet y\u00fcr\u00fcten \u00e7ift\u00e7iler, y\u0131llardan bu yana dert yand\u0131klar\u0131 mazot ve g\u00fcbredeki vergilerin s\u0131f\u0131rlanmas\u0131 konusunda \u00e7a\u011fr\u0131lar\u0131n\u0131 s\u00fcrd\u00fcrmektedir.<\/p>\n<p>Mardinli hububat\u00e7\u0131lar ad\u0131na a\u00e7\u0131klama yapan K\u0131z\u0131ltepe Hububat Merkezi Ba\u015fkan\u0131 Mehmet \u015eerif \u00d6ter, yapt\u0131\u011f\u0131 a\u00e7\u0131klamada \u00e7ift\u00e7ilerin maliyetlerinin d\u00fc\u015f\u00fcr\u00fclmesi ve \u00fcretimin devam edebilmesi i\u00e7in mazot ve g\u00fcbrede vergilerin s\u0131f\u0131rlanmas\u0131 \u00e7a\u011fr\u0131s\u0131nda bulundu.<\/p>\n<p>Hububat Merkezi Ba\u015fkan\u0131 Mehmet \u015eerif \u00d6ter, 5 Nisan itibar\u0131yla b\u00f6lgede yap\u0131lan saha incelemelerinin ard\u0131ndan \u00f6nemli de\u011ferlendirmelerde bulundu. \u0130\u00e7inde bulunulan d\u00f6nemin b\u00f6lge a\u00e7\u0131s\u0131ndan bahar\u0131n en verimli zamanlar\u0131na denk geldi\u011fini belirten \u00d6ter, sonbahar, k\u0131\u015f ve ilkbahar boyunca al\u0131nan ya\u011f\u0131\u015flar\u0131n son 20 y\u0131l\u0131n en iyi seviyelerinde oldu\u011funu ifade etti.<\/p>\n<p>Ya\u011f\u0131\u015flar\u0131n hububat \u00fcretimine olumlu yans\u0131d\u0131\u011f\u0131n\u0131 vurgulayan \u00d6ter, \u201cB\u00f6lgemizde hububat \u015fu ana kadar \u00e7ok iyi durumda. Tarlalar adeta g\u00fcl\u00fcyor. \u0130n\u015fallah hava \u015fartlar\u0131 da serin ge\u00e7erse \u00fcretim a\u00e7\u0131s\u0131ndan \u00f6nemli bir sorun ya\u015fanmayacak\u201d ifadeleriyle tar\u0131ma dair umutlar\u0131n\u0131 aktard\u0131.<\/p>\n<p>Saha gezileri kapsam\u0131nda \u00e7ift\u00e7ilerle birebir g\u00f6r\u00fc\u015ft\u00fcklerini belirten \u00d6ter, \u00fcreticilerin bir yandan verimli sezon beklentisiyle umutlu oldu\u011funu, di\u011fer yandan ise artan maliyetler nedeniyle endi\u015fe ya\u015fad\u0131\u011f\u0131n\u0131 dile getirerek \u00e7ift\u00e7inin ruh halini anlatt\u0131.<\/p>\n<p>K\u00fcresel geli\u015fmelerin ekonomik etkilerine dikkat \u00e7eken \u00d6ter, \u00f6zellikle akaryak\u0131t fiyatlar\u0131ndaki art\u0131\u015f\u0131n \u00e7ift\u00e7inin en b\u00fcy\u00fck gider kalemlerinden biri oldu\u011funu s\u00f6yledi. Mazot, g\u00fcbre, ila\u00e7 ve hasat maliyetlerinin ciddi \u015fekilde y\u00fckseldi\u011fini belirten \u00d6ter, \u201cBug\u00fcn gelinen noktada \u00e7ift\u00e7inin \u00fcretim yapmas\u0131 ve kazan\u00e7 elde etmesi olduk\u00e7a zorla\u015fm\u0131\u015ft\u0131r\u201d \u015feklinde \u00e7ift\u00e7inin d\u00fc\u015ft\u00fc\u011f\u00fc duruma dikkat \u00e7ekti.<\/p>\n<p>G\u00fcbre fiyatlar\u0131n\u0131n k\u0131sa s\u00fcrede iki kat\u0131na \u00e7\u0131kt\u0131\u011f\u0131n\u0131, mazot fiyatlar\u0131nda da benzer bir art\u0131\u015f ya\u015fand\u0131\u011f\u0131n\u0131 kaydeden \u00d6ter, bu durumun s\u00fcrd\u00fcr\u00fclebilir \u00fcretimi tehdit etti\u011fini vurgulad\u0131.<\/p>\n<div class=\"google-auto-placed ap_container\">\n<p>H\u00fck\u00fcmete \u00e7a\u011fr\u0131da bulunan \u00d6ter, \u00f6zellikle tar\u0131msal \u00fcretimde kullan\u0131lan mazot, g\u00fcbre ve elektrik \u00fczerindeki vergi y\u00fck\u00fcn\u00fcn azalt\u0131lmas\u0131 gerekti\u011fini belirterek, \u201c\u00c7ift\u00e7imizin nefes alabilmesi i\u00e7in en az\u0131ndan \u00fcretimde kullan\u0131lan mazotta \u00d6TV\u2019nin s\u0131f\u0131rlanmas\u0131 ve di\u011fer girdi maliyetlerinde destek sa\u011flanmas\u0131 gerekiyor\u201d dedi.<\/p>\n<p>A\u00e7\u0131klamas\u0131n\u0131n sonunda yakla\u015fan hasat sezonuna da de\u011finen \u00d6ter, t\u00fcm \u00fcreticilere bereketli bir d\u00f6nem temennisinde bulunarak, \u201cBa\u015fta \u00e7ift\u00e7ilerimiz olmak \u00fczere tar\u0131m, ticaret ve nakliye sekt\u00f6r\u00fcnde emek veren herkese hay\u0131rl\u0131 ve bereketli bir hasat sezonu diliyoruz\u201d ifadelerini kulland\u0131<\/p>\n<\/div>\n","protected":false},"excerpt":{"rendered":"<p>B\u00f6lgede son y\u0131llar\u0131n en verimli ya\u011f\u0131\u015flar\u0131n\u0131n ya\u015fand\u0131\u011f\u0131n\u0131 belirten Hububat\u00e7\u0131lar Derne\u011fi Ba\u015fkan\u0131 Mehmet \u015eerif \u00d6ter, hububat \u00fcretiminde olumlu bir tablo oldu\u011funu ancak artan mazot, g\u00fcbre ve elektrik fiyatlar\u0131n\u0131n \u00e7ift\u00e7iyi ciddi \u015fekilde zorlad\u0131\u011f\u0131n\u0131 s\u00f6yledi.<\/p>\n","protected":false},"author":1,"featured_media":113034,"comment_status":"open","ping_status":"open","sticky":false,"template":"","format":"standard","meta":{"footnotes":""},"categories":[3,2,4,9,18],"tags":[],"class_list":["post-113033","post","type-post","status-publish","format-standard","has-post-thumbnail","hentry","category-guncel","category-kiziltepe","category-manset","category-mardin","category-toplumsal-yasam-gundem"],"_links":{"self":[{"href":"https:\/\/mardinhaberyolu.com\/index.php?rest_route=\/wp\/v2\/posts\/113033","targetHints":{"allow":["GET"]}}],"collection":[{"href":"https:\/\/mardinhaberyolu.com\/index.php?rest_route=\/wp\/v2\/posts"}],"about":[{"href":"https:\/\/mardinhaberyolu.com\/index.php?rest_route=\/wp\/v2\/types\/post"}],"author":[{"embeddable":true,"href":"https:\/\/mardinhaberyolu.com\/index.php?rest_route=\/wp\/v2\/users\/1"}],"replies":[{"embeddable":true,"href":"https:\/\/mardinhaberyolu.com\/index.php?rest_route=%2Fwp%2Fv2%2Fcomments&post=113033"}],"version-history":[{"count":1,"href":"https:\/\/mardinhaberyolu.com\/index.php?rest_route=\/wp\/v2\/posts\/113033\/revisions"}],"predecessor-version":[{"id":113035,"href":"https:\/\/mardinhaberyolu.com\/index.php?rest_route=\/wp\/v2\/posts\/113033\/revisions\/113035"}],"wp:featuredmedia":[{"embeddable":true,"href":"https:\/\/mardinhaberyolu.com\/index.php?rest_route=\/wp\/v2\/media\/113034"}],"wp:attachment":[{"href":"https:\/\/mardinhaberyolu.com\/index.php?rest_route=%2Fwp%2Fv2%2Fmedia&parent=113033"}],"wp:term":[{"taxonomy":"category","embeddable":true,"href":"https:\/\/mardinhaberyolu.com\/index.php?rest_route=%2Fwp%2Fv2%2Fcategories&post=113033"},{"taxonomy":"post_tag","embeddable":true,"href":"https:\/\/mardinhaberyolu.com\/index.php?rest_route=%2Fwp%2Fv2%2Ftags&post=113033"}],"curies":[{"name":"wp","href":"https:\/\/api.w.org\/{rel}","templated":true}]}}