{"id":113029,"date":"2026-04-06T09:59:09","date_gmt":"2026-04-06T09:59:09","guid":{"rendered":"https:\/\/mardinhaberyolu.com\/?p=113029"},"modified":"2026-04-06T09:59:09","modified_gmt":"2026-04-06T09:59:09","slug":"aranan-sahislar-bir-bir-yakayi-ele-veriyor","status":"publish","type":"post","link":"https:\/\/mardinhaberyolu.com\/?p=113029","title":{"rendered":"Aranan \u015eah\u0131slar Bir Bir Yakay\u0131 Ele Veriyor"},"content":{"rendered":"<p>Mardin Emniyet M\u00fcd\u00fcrl\u00fc\u011f\u00fc konuyla ilgili yaz\u0131l\u0131 bir bas\u0131n a\u00e7\u0131klamas\u0131 yaparak kamuoyunu bilgilendirdi. Yap\u0131lan a\u00e7\u0131klama \u015f\u00f6yle:<\/p>\n<p>Mardin Emniyet M\u00fcd\u00fcrl\u00fc\u011f\u00fc, haklar\u0131nda kesinle\u015fmi\u015f hapis cezalar\u0131 bulunan firari su\u00e7lular\u0131n yakalanmas\u0131na y\u00f6nelik \u00e7al\u0131\u015fmalar\u0131n\u0131 aral\u0131ks\u0131z s\u00fcrd\u00fcr\u00fcyor.<\/p>\n<p>\u2013 30 Mart &#8211; 5 Nisan 2026 tarihleri aras\u0131nda yap\u0131lan \u00e7al\u0131\u015fmalarda, \u00e7e\u015fitli su\u00e7lardan aranmas\u0131 bulunan toplam 64 \u015fah\u0131s yakaland\u0131. Yakalananlar aras\u0131nda;<\/p>\n<p>\u25aa\ufe0f&#8221;Kasten \u00d6ld\u00fcrme&#8221; su\u00e7undan 12 y\u0131l kesinle\u015fmi\u015f hapis cezas\u0131,<br \/>\n\u25aa\ufe0f&#8221;5607 say\u0131l\u0131 Ka\u00e7ak\u00e7\u0131l\u0131k Kanununa Muhalefet&#8221; su\u00e7undan 6 y\u0131l 3 ay kesinle\u015fmi\u015f hapis cezas\u0131 bulunan (2) \u015fahs\u0131n yan\u0131 s\u0131ra, ya\u011fma, doland\u0131r\u0131c\u0131l\u0131k ve h\u0131rs\u0131zl\u0131k gibi su\u00e7lardan aranan \u015fah\u0131slar da yer ald\u0131.<\/p>\n<p>Mardin Emniyet M\u00fcd\u00fcrl\u00fc\u011f\u00fc, toplumun huzur ve g\u00fcvenli\u011fini sa\u011flaman\u0131n en \u00f6ncelikli g\u00f6revlerinden biri oldu\u011funu vurgulayarak, vatanda\u015flardan \u015f\u00fcpheli durumlarda veya bilgi sahibi olduklar\u0131 konularda Emniyet birimlerine ya da 112 Acil \u00c7a\u011fr\u0131 Merkezi\u2019ne bildirimde bulunmalar\u0131 \u00e7a\u011fr\u0131s\u0131nda bulundu. Ayr\u0131ca yap\u0131lan ihbarlar\u0131n gizlilik ve g\u00fcvenlik esaslar\u0131na uygun \u015fekilde de\u011ferlendirilece\u011fi belirtildi.<\/p>\n<p>Kamuoyuna sayg\u0131yla duyurulur.<\/p>\n","protected":false},"excerpt":{"rendered":"<p>Haklar\u0131nda kesinle\u015fmi\u015f hapis cezalar\u0131 bulunan firari su\u00e7lular\u0131n yakalanmas\u0131na y\u00f6nelik \u00e7al\u0131\u015fmalar\u0131n\u0131 aral\u0131ks\u0131z s\u00fcrd\u00fcren Mardin Emniyet M\u00fcd\u00fcrl\u00fc\u011f\u00fc, \u00e7al\u0131\u015fmalar kapsam\u0131nda 64 \u015fahs\u0131n yakaland\u0131\u011f\u0131n\u0131 a\u00e7\u0131klad\u0131. Ya\u011fma, doland\u0131r\u0131c\u0131l\u0131k ve h\u0131rs\u0131zl\u0131k gibi su\u00e7lardan aranan \u015fah\u0131slar hakk\u0131nda adli i\u015flemlerin yap\u0131ld\u0131\u011f\u0131 belirtildi.<\/p>\n","protected":false},"author":1,"featured_media":113030,"comment_status":"open","ping_status":"open","sticky":false,"template":"","format":"standard","meta":{"footnotes":""},"categories":[15,3,4,9,18,30],"tags":[],"class_list":["post-113029","post","type-post","status-publish","format-standard","has-post-thumbnail","hentry","category-asayis","category-guncel","category-manset","category-mardin","category-toplumsal-yasam-gundem","category-ust-manset"],"_links":{"self":[{"href":"https:\/\/mardinhaberyolu.com\/index.php?rest_route=\/wp\/v2\/posts\/113029","targetHints":{"allow":["GET"]}}],"collection":[{"href":"https:\/\/mardinhaberyolu.com\/index.php?rest_route=\/wp\/v2\/posts"}],"about":[{"href":"https:\/\/mardinhaberyolu.com\/index.php?rest_route=\/wp\/v2\/types\/post"}],"author":[{"embeddable":true,"href":"https:\/\/mardinhaberyolu.com\/index.php?rest_route=\/wp\/v2\/users\/1"}],"replies":[{"embeddable":true,"href":"https:\/\/mardinhaberyolu.com\/index.php?rest_route=%2Fwp%2Fv2%2Fcomments&post=113029"}],"version-history":[{"count":1,"href":"https:\/\/mardinhaberyolu.com\/index.php?rest_route=\/wp\/v2\/posts\/113029\/revisions"}],"predecessor-version":[{"id":113031,"href":"https:\/\/mardinhaberyolu.com\/index.php?rest_route=\/wp\/v2\/posts\/113029\/revisions\/113031"}],"wp:featuredmedia":[{"embeddable":true,"href":"https:\/\/mardinhaberyolu.com\/index.php?rest_route=\/wp\/v2\/media\/113030"}],"wp:attachment":[{"href":"https:\/\/mardinhaberyolu.com\/index.php?rest_route=%2Fwp%2Fv2%2Fmedia&parent=113029"}],"wp:term":[{"taxonomy":"category","embeddable":true,"href":"https:\/\/mardinhaberyolu.com\/index.php?rest_route=%2Fwp%2Fv2%2Fcategories&post=113029"},{"taxonomy":"post_tag","embeddable":true,"href":"https:\/\/mardinhaberyolu.com\/index.php?rest_route=%2Fwp%2Fv2%2Ftags&post=113029"}],"curies":[{"name":"wp","href":"https:\/\/api.w.org\/{rel}","templated":true}]}}