{"id":113023,"date":"2026-04-05T14:52:34","date_gmt":"2026-04-05T14:52:34","guid":{"rendered":"https:\/\/mardinhaberyolu.com\/?p=113023"},"modified":"2026-04-05T14:52:34","modified_gmt":"2026-04-05T14:52:34","slug":"derikte-paskalya-bayramini-tek-basina-kutladi","status":"publish","type":"post","link":"https:\/\/mardinhaberyolu.com\/?p=113023","title":{"rendered":"Derik&#8217;te Paskalya Bayram\u0131\u2019n\u0131 tek ba\u015f\u0131na kutlad\u0131"},"content":{"rendered":"<p>\u0130l\u00e7enin Kale Mahallesindeki 376 y\u0131ll\u0131k Ermeni Surp Kevork Kilisesi\u2019ne H\u0131ristiyanlar\u0131n bug\u00fcn kutlad\u0131\u011f\u0131 Paskalya Bayram\u0131n\u0131 kutlamak i\u00e7in haz\u0131rl\u0131klar yapan Zekerya Sabuncu,\u201d67 ya\u015f\u0131nday\u0131m,bug\u00fcn 50 g\u00fcnl\u00fck oru\u00e7tan sonra,bug\u00fcn H\u0131ristiyanl\u0131k alemi \u0130sa Mesih\u2019in k\u0131yam bayram\u0131 Paskalya\u2019y\u0131 kutluyoruz,k\u0131yam\u0131 kutsald\u0131r ve d\u00fcnyaya bar\u0131\u015f huzur getirsin,ben de 13 y\u0131ld\u0131r Derik\u2019e geri d\u00f6nm\u00fc\u015f\u00fcm,burada Kilise\u2019nin bak\u0131m\u0131n\u0131 kar\u015f\u0131l\u0131yorum,temizli\u011fini yap\u0131yorum,benim d\u0131\u015f\u0131mda bir kar\u0131-koca var ayr\u0131ca bizim cemaate o biraz ya\u015fl\u0131 ve rahats\u0131z oldu\u011fu i\u00e7in gelemedi,her Pazar geliyorum dualar\u0131m\u0131 ediyorum,gelenlere kiliseyi gezdiriyorum tan\u0131t\u0131m\u0131n\u0131 yap\u0131yorum,paskalya bayram\u0131 b\u00fct\u00fcn d\u00fcnyaya bar\u0131\u015f,huzur,selamet ve bereket getirsin,kalplerimize merhamet koysun,paskalya\u2019da yumurta yap\u0131yoruz,yumurta yeniden bir hayat do\u011fu\u015f ifade ediyor,gelen misafirlere bunu ikram ediyoruz,\u201ddedi.<br \/>\nPaskalya Bayram\u0131n\u0131 kutlamak i\u00e7in Kilise ziyaretinde bulunan Kemal Denk,\u201dDerik\u2019te bulunan Ermeni ailelerimizin Paskalya Bayram\u0131 dolay\u0131s\u0131yla ziyarete geldik,mevcut burada Zekerya abimiz var,onun da bayram\u0131n\u0131 kutlad\u0131k,d\u00fcnya \u00fclkelerinde ya\u015fayan b\u00fct\u00fcn Ermeni ailelerimizin Paskalya Bayramlar\u0131n\u0131 kutluyorum\u201ddedi.<br \/>\n376 y\u0131ll\u0131k Surp Kevork Ermeni Kilisesi Bayramla\u015fmas\u0131ndan sonra, di\u011fer Ermeni as\u0131ll\u0131 78 ya\u015f\u0131ndaki Naif ve Yur\u015falin Demirci \u00e7iftini de il\u00e7edeki ziyaret etti,<br \/>\nErmeni as\u0131ll\u0131 78 ya\u015f\u0131ndaki Naif Demirci,\u2019Paskalya Bayram\u0131\u2019nda ziyaretlerinda bulunanlara te\u015fekk\u00fcr\u2019 ederek,\u201d\u00c7ok sa\u011folun\u201ddedi.<\/p>\n<blockquote><p>\n<img fetchpriority=\"high\" decoding=\"async\" class=\"alignnone size-medium wp-image-113025\" src=\"https:\/\/mardinhaberyolu.com\/wp-content\/uploads\/2026\/04\/IMG-20260405-WA0018-300x225.jpg\" alt=\"\" width=\"300\" height=\"225\" srcset=\"https:\/\/mardinhaberyolu.com\/wp-content\/uploads\/2026\/04\/IMG-20260405-WA0018-300x225.jpg 300w, https:\/\/mardinhaberyolu.com\/wp-content\/uploads\/2026\/04\/IMG-20260405-WA0018-1024x768.jpg 1024w, https:\/\/mardinhaberyolu.com\/wp-content\/uploads\/2026\/04\/IMG-20260405-WA0018-768x576.jpg 768w, https:\/\/mardinhaberyolu.com\/wp-content\/uploads\/2026\/04\/IMG-20260405-WA0018-1536x1152.jpg 1536w, https:\/\/mardinhaberyolu.com\/wp-content\/uploads\/2026\/04\/IMG-20260405-WA0018.jpg 1600w\" sizes=\"(max-width: 300px) 100vw, 300px\" \/> <img decoding=\"async\" class=\"alignnone size-medium wp-image-113026\" src=\"https:\/\/mardinhaberyolu.com\/wp-content\/uploads\/2026\/04\/IMG-20260405-WA0020-300x225.jpg\" alt=\"\" width=\"300\" height=\"225\" srcset=\"https:\/\/mardinhaberyolu.com\/wp-content\/uploads\/2026\/04\/IMG-20260405-WA0020-300x225.jpg 300w, https:\/\/mardinhaberyolu.com\/wp-content\/uploads\/2026\/04\/IMG-20260405-WA0020-1024x768.jpg 1024w, https:\/\/mardinhaberyolu.com\/wp-content\/uploads\/2026\/04\/IMG-20260405-WA0020-768x576.jpg 768w, https:\/\/mardinhaberyolu.com\/wp-content\/uploads\/2026\/04\/IMG-20260405-WA0020-1536x1152.jpg 1536w, https:\/\/mardinhaberyolu.com\/wp-content\/uploads\/2026\/04\/IMG-20260405-WA0020.jpg 1600w\" sizes=\"(max-width: 300px) 100vw, 300px\" \/> <img decoding=\"async\" class=\"alignnone size-medium wp-image-113027\" src=\"https:\/\/mardinhaberyolu.com\/wp-content\/uploads\/2026\/04\/IMG-20260405-WA0021-300x225.jpg\" alt=\"\" width=\"300\" height=\"225\" srcset=\"https:\/\/mardinhaberyolu.com\/wp-content\/uploads\/2026\/04\/IMG-20260405-WA0021-300x225.jpg 300w, https:\/\/mardinhaberyolu.com\/wp-content\/uploads\/2026\/04\/IMG-20260405-WA0021-1024x768.jpg 1024w, https:\/\/mardinhaberyolu.com\/wp-content\/uploads\/2026\/04\/IMG-20260405-WA0021-768x576.jpg 768w, https:\/\/mardinhaberyolu.com\/wp-content\/uploads\/2026\/04\/IMG-20260405-WA0021-1536x1152.jpg 1536w, https:\/\/mardinhaberyolu.com\/wp-content\/uploads\/2026\/04\/IMG-20260405-WA0021.jpg 1600w\" sizes=\"(max-width: 300px) 100vw, 300px\" \/>EMRULLAH KARAKA\u015e-MARD\u0130N HABERYOLU<\/p><\/blockquote>\n","protected":false},"excerpt":{"rendered":"<p>Derik \u0130l\u00e7esinde tek ba\u015f\u0131na ya\u015fayan Ermeni as\u0131ll\u0131 67 ya\u015f\u0131ndaki Zekerya Sabuncu Paskalya Bayram\u0131n\u0131 sabah saatlerinde 376 y\u0131ll\u0131k Surp Kevork Ermeni Kilisesi\u2019nde kutlad\u0131<\/p>\n","protected":false},"author":1,"featured_media":113024,"comment_status":"open","ping_status":"open","sticky":false,"template":"","format":"standard","meta":{"footnotes":""},"categories":[3,4,9,18,30],"tags":[],"class_list":["post-113023","post","type-post","status-publish","format-standard","has-post-thumbnail","hentry","category-guncel","category-manset","category-mardin","category-toplumsal-yasam-gundem","category-ust-manset"],"_links":{"self":[{"href":"https:\/\/mardinhaberyolu.com\/index.php?rest_route=\/wp\/v2\/posts\/113023","targetHints":{"allow":["GET"]}}],"collection":[{"href":"https:\/\/mardinhaberyolu.com\/index.php?rest_route=\/wp\/v2\/posts"}],"about":[{"href":"https:\/\/mardinhaberyolu.com\/index.php?rest_route=\/wp\/v2\/types\/post"}],"author":[{"embeddable":true,"href":"https:\/\/mardinhaberyolu.com\/index.php?rest_route=\/wp\/v2\/users\/1"}],"replies":[{"embeddable":true,"href":"https:\/\/mardinhaberyolu.com\/index.php?rest_route=%2Fwp%2Fv2%2Fcomments&post=113023"}],"version-history":[{"count":1,"href":"https:\/\/mardinhaberyolu.com\/index.php?rest_route=\/wp\/v2\/posts\/113023\/revisions"}],"predecessor-version":[{"id":113028,"href":"https:\/\/mardinhaberyolu.com\/index.php?rest_route=\/wp\/v2\/posts\/113023\/revisions\/113028"}],"wp:featuredmedia":[{"embeddable":true,"href":"https:\/\/mardinhaberyolu.com\/index.php?rest_route=\/wp\/v2\/media\/113024"}],"wp:attachment":[{"href":"https:\/\/mardinhaberyolu.com\/index.php?rest_route=%2Fwp%2Fv2%2Fmedia&parent=113023"}],"wp:term":[{"taxonomy":"category","embeddable":true,"href":"https:\/\/mardinhaberyolu.com\/index.php?rest_route=%2Fwp%2Fv2%2Fcategories&post=113023"},{"taxonomy":"post_tag","embeddable":true,"href":"https:\/\/mardinhaberyolu.com\/index.php?rest_route=%2Fwp%2Fv2%2Ftags&post=113023"}],"curies":[{"name":"wp","href":"https:\/\/api.w.org\/{rel}","templated":true}]}}