{"id":113018,"date":"2026-04-04T15:57:56","date_gmt":"2026-04-04T15:57:56","guid":{"rendered":"https:\/\/mardinhaberyolu.com\/?p=113018"},"modified":"2026-04-04T15:57:56","modified_gmt":"2026-04-04T15:57:56","slug":"genc-nida-hafizlik-yarismasi-bolge-finalinde-mardinli-ogrenci-birinci-oldu","status":"publish","type":"post","link":"https:\/\/mardinhaberyolu.com\/?p=113018","title":{"rendered":"Gen\u00e7 Nida Haf\u0131zl\u0131k Yar\u0131\u015fmas\u0131 B\u00f6lge Finali\u2019nde Mardinli \u00d6\u011frenci Birinci Oldu"},"content":{"rendered":"<p>Daha \u00f6nce il baz\u0131nda yap\u0131lan yar\u0131\u015fmada birincilik elde ederek b\u00f6lge finaline kat\u0131lmaya hak kazanan Semanur Kaynak, Van\u2019daki yar\u0131\u015fmada da \u00fcst\u00fcn performans\u0131yla birinci se\u00e7ildi.<\/p>\n<p><img fetchpriority=\"high\" decoding=\"async\" class=\"alignnone size-medium wp-image-113020\" src=\"https:\/\/mardinhaberyolu.com\/wp-content\/uploads\/2026\/04\/IMG-20260404-WA0012-300x169.jpg\" alt=\"\" width=\"300\" height=\"169\" srcset=\"https:\/\/mardinhaberyolu.com\/wp-content\/uploads\/2026\/04\/IMG-20260404-WA0012-300x169.jpg 300w, https:\/\/mardinhaberyolu.com\/wp-content\/uploads\/2026\/04\/IMG-20260404-WA0012-1024x577.jpg 1024w, https:\/\/mardinhaberyolu.com\/wp-content\/uploads\/2026\/04\/IMG-20260404-WA0012-768x432.jpg 768w, https:\/\/mardinhaberyolu.com\/wp-content\/uploads\/2026\/04\/IMG-20260404-WA0012-1536x865.jpg 1536w, https:\/\/mardinhaberyolu.com\/wp-content\/uploads\/2026\/04\/IMG-20260404-WA0012.jpg 1600w\" sizes=\"(max-width: 300px) 100vw, 300px\" \/><\/p>\n<p>Okul m\u00fcd\u00fcr\u00fc Abdurrahim Alpnar, \u00f6\u011frencisinin ba\u015far\u0131s\u0131ndan duydu\u011fu gururu \u015fu s\u00f6zlerle ifade etti;<br \/>\n\u201c\u00d6\u011frencimiz daha \u00f6nce il birincisi olarak b\u00f6lgede yar\u0131\u015fmaya hak kazanm\u0131\u015ft\u0131. Van\u2019da d\u00fczenlenen b\u00f6lge finalinde de birinci se\u00e7ilerek okulumuzu ve ilimizi gururland\u0131rd\u0131. Semanur Kaynak, elde etti\u011fi bu ba\u015far\u0131yla 14 May\u0131s\u2019ta Rize\u2019de d\u00fczenlenecek T\u00fcrkiye finallerine kat\u0131lma \u015fans\u0131n\u0131 elde etti. B\u00fcy\u00fck bir titizlikle \u00e7al\u0131\u015fmalar\u0131n\u0131 s\u00fcrd\u00fcren \u00f6\u011frencimize y\u00fcrekten inan\u0131yor, ba\u015far\u0131lar diliyoruz. Semanur Kaynak\u2019\u0131n bu ba\u015far\u0131s\u0131, hem okuluna hem de Mardin\u2019e \u00f6nemli bir gurur kayna\u011f\u0131 oldu.&#8221;<\/p>\n<p>Haber Merkezi<\/p>\n","protected":false},"excerpt":{"rendered":"<p>Van\u2019da d\u00fczenlenen Gen\u00e7 Nida Haf\u0131zl\u0131k Yar\u0131\u015fmas\u0131 B\u00f6lge Finalinde, Mardin \u015eakir Nuho\u011flu K\u0131z Anadolu \u0130mam Hatip Lisesi 12. s\u0131n\u0131f \u00f6\u011frencisi Semanur Kaynak b\u00f6lge birincisi oldu.<\/p>\n","protected":false},"author":1,"featured_media":113019,"comment_status":"open","ping_status":"open","sticky":false,"template":"","format":"standard","meta":{"footnotes":""},"categories":[3,4,9,18,30],"tags":[],"class_list":["post-113018","post","type-post","status-publish","format-standard","has-post-thumbnail","hentry","category-guncel","category-manset","category-mardin","category-toplumsal-yasam-gundem","category-ust-manset"],"_links":{"self":[{"href":"https:\/\/mardinhaberyolu.com\/index.php?rest_route=\/wp\/v2\/posts\/113018","targetHints":{"allow":["GET"]}}],"collection":[{"href":"https:\/\/mardinhaberyolu.com\/index.php?rest_route=\/wp\/v2\/posts"}],"about":[{"href":"https:\/\/mardinhaberyolu.com\/index.php?rest_route=\/wp\/v2\/types\/post"}],"author":[{"embeddable":true,"href":"https:\/\/mardinhaberyolu.com\/index.php?rest_route=\/wp\/v2\/users\/1"}],"replies":[{"embeddable":true,"href":"https:\/\/mardinhaberyolu.com\/index.php?rest_route=%2Fwp%2Fv2%2Fcomments&post=113018"}],"version-history":[{"count":1,"href":"https:\/\/mardinhaberyolu.com\/index.php?rest_route=\/wp\/v2\/posts\/113018\/revisions"}],"predecessor-version":[{"id":113021,"href":"https:\/\/mardinhaberyolu.com\/index.php?rest_route=\/wp\/v2\/posts\/113018\/revisions\/113021"}],"wp:featuredmedia":[{"embeddable":true,"href":"https:\/\/mardinhaberyolu.com\/index.php?rest_route=\/wp\/v2\/media\/113019"}],"wp:attachment":[{"href":"https:\/\/mardinhaberyolu.com\/index.php?rest_route=%2Fwp%2Fv2%2Fmedia&parent=113018"}],"wp:term":[{"taxonomy":"category","embeddable":true,"href":"https:\/\/mardinhaberyolu.com\/index.php?rest_route=%2Fwp%2Fv2%2Fcategories&post=113018"},{"taxonomy":"post_tag","embeddable":true,"href":"https:\/\/mardinhaberyolu.com\/index.php?rest_route=%2Fwp%2Fv2%2Ftags&post=113018"}],"curies":[{"name":"wp","href":"https:\/\/api.w.org\/{rel}","templated":true}]}}